{"id":11892,"date":"2015-10-06T16:28:33","date_gmt":"2015-10-06T19:28:33","guid":{"rendered":"http:\/\/catolicanet.net\/wp-cnet\/2015\/10\/06\/dom-lyrio-rocha-ressalta-amplitude-tematica-do-sinodo\/"},"modified":"2017-06-02T10:21:11","modified_gmt":"2017-06-02T13:21:11","slug":"dom-lyrio-rocha-ressalta-amplitude-tematica-do-sinodo","status":"publish","type":"post","link":"https:\/\/catolicanet.net\/wp-cnet\/dom-lyrio-rocha-ressalta-amplitude-tematica-do-sinodo\/","title":{"rendered":"Dom Lyrio Rocha ressalta amplitude tem\u00e1tica do S\u00ednodo"},"content":{"rendered":"<p style=\"text-align: justify;\"><img decoding=\"async\" src=\"http:\/\/catolicanet.com.br\/images\/stories\/00 afp4594977_articolo.jpg\" border=\"0\" align=\"left\" \/> \u201cO S\u00ednodo se coloca diante de um leque que vai se abrindo cada vez  mais para compreendermos a complexidade do momento atual em que a  fam\u00edlia se encontra\u201d: palavras do Vice-Presidente da Confer\u00eancia  Nacional dos Bispos do Brasil (CNBB), Dom Geraldo Lyrio Rocha, Arcebispo  de Mariana (MG).<\/p>\n<p>Em entrevista \u00e0 R\u00e1dio Vaticano, Dom Geraldo  fala da diversidade de fam\u00edlias que os padres sinodais trazem \u00e0  Assembleia e a tentativa de oferecer a elas uma palavra de esperan\u00e7a:<\/p>\n<p>\u201cEsta  variedade de situa\u00e7\u00f5es em que se encontram as fam\u00edlias, a diversidade  cultural, social, pol\u00edtica e religiosa que a Igreja vai encontrando nos  diversos continentes vai como que confirmando o tema do S\u00ednodo: \u2018A  voca\u00e7\u00e3o e a miss\u00e3o da fam\u00edlia na Igreja e no mundo contempor\u00e2neo\u2019. Eu  estou fazendo a minha leitura das v\u00e1rias interven\u00e7\u00f5es exatamente esta  \u00f3tica. Porque, \u00e0s vezes, alguns setores de comunica\u00e7\u00e3o colocam como se o  S\u00ednodo fosse se debru\u00e7ar unicamente sobre este ou aquele aspecto que  toca a vida da fam\u00edlia hoje. Mas o que eu percebo \u00e9 que o leque se abre e  n\u00e3o se restringe, embora haja quest\u00f5es pertinentes que precisam ser  evidentemente examinadas de perto e a Igreja precisa dizer uma palavra  de orienta\u00e7\u00e3o, de conforto, de ilumina\u00e7\u00e3o e de esclarecimento. No  entanto, o S\u00ednodo n\u00e3o se prende a esta ou aquela quest\u00e3o, se coloca  diante de um leque que vai se abrindo cada vez mais para compreendermos a  complexidade do momento atual em que a fam\u00edlia se encontra. E \u00e9 neste  contexto que a Igreja busca trazer uma palavra de esperan\u00e7a, de conforto  e de ilumina\u00e7\u00e3o e \u00e9 o que estamos buscando com muita intensidade.\u201d<\/p>\n<p style=\"text-align: justify;\">Fonte: R\u00e1dio Vaticano<\/p>\n","protected":false},"excerpt":{"rendered":"<p>\u201cO S\u00ednodo se coloca diante de um leque que vai se abrindo cada vez mais para compreendermos a complexidade do momento atual em que a fam\u00edlia se encontra\u201d: palavras do Vice-Presidente da Confer\u00eancia Nacional dos Bispos do Brasil (CNBB), Dom Geraldo Lyrio Rocha, Arcebispo de Mariana (MG). Em entrevista \u00e0 R\u00e1dio Vaticano, Dom Geraldo fala [&hellip;]<\/p>\n","protected":false},"author":1,"featured_media":0,"comment_status":"open","ping_status":"open","sticky":false,"template":"","format":"standard","meta":{"footnotes":""},"categories":[3],"tags":[],"class_list":["post-11892","post","type-post","status-publish","format-standard","hentry","category-vaticano"],"_links":{"self":[{"href":"https:\/\/catolicanet.net\/wp-cnet\/wp-json\/wp\/v2\/posts\/11892","targetHints":{"allow":["GET"]}}],"collection":[{"href":"https:\/\/catolicanet.net\/wp-cnet\/wp-json\/wp\/v2\/posts"}],"about":[{"href":"https:\/\/catolicanet.net\/wp-cnet\/wp-json\/wp\/v2\/types\/post"}],"author":[{"embeddable":true,"href":"https:\/\/catolicanet.net\/wp-cnet\/wp-json\/wp\/v2\/users\/1"}],"replies":[{"embeddable":true,"href":"https:\/\/catolicanet.net\/wp-cnet\/wp-json\/wp\/v2\/comments?post=11892"}],"version-history":[{"count":1,"href":"https:\/\/catolicanet.net\/wp-cnet\/wp-json\/wp\/v2\/posts\/11892\/revisions"}],"predecessor-version":[{"id":27887,"href":"https:\/\/catolicanet.net\/wp-cnet\/wp-json\/wp\/v2\/posts\/11892\/revisions\/27887"}],"wp:attachment":[{"href":"https:\/\/catolicanet.net\/wp-cnet\/wp-json\/wp\/v2\/media?parent=11892"}],"wp:term":[{"taxonomy":"category","embeddable":true,"href":"https:\/\/catolicanet.net\/wp-cnet\/wp-json\/wp\/v2\/categories?post=11892"},{"taxonomy":"post_tag","embeddable":true,"href":"https:\/\/catolicanet.net\/wp-cnet\/wp-json\/wp\/v2\/tags?post=11892"}],"curies":[{"name":"wp","href":"https:\/\/api.w.org\/{rel}","templated":true}]}}