{"id":11889,"date":"2015-10-06T14:06:22","date_gmt":"2015-10-06T17:06:22","guid":{"rendered":"http:\/\/catolicanet.net\/wp-cnet\/2015\/10\/06\/conic-apresenta-texto-base-da-campanha-da-fraternidade-ecumenica-2016\/"},"modified":"2017-05-26T16:49:43","modified_gmt":"2017-05-26T19:49:43","slug":"conic-apresenta-texto-base-da-campanha-da-fraternidade-ecumenica-2016","status":"publish","type":"post","link":"https:\/\/catolicanet.net\/wp-cnet\/conic-apresenta-texto-base-da-campanha-da-fraternidade-ecumenica-2016\/","title":{"rendered":"Conic apresenta texto-base da Campanha da Fraternidade Ecum\u00eanica 2016"},"content":{"rendered":"<p style=\"text-align: justify;\"><img decoding=\"async\" src=\"http:\/\/catolicanet.com.br\/images\/stories\/00 cef2016.jpg\" border=\"0\" align=\"left\" \/>O tema escolhido para a reflex\u00e3o \u00e9 \u201cCasa comum, nossa responsabilidade\u201d<\/p>\n<p>O Conselho Nacional de Igrejas Crist\u00e3s do Brasil (Conic) publicou o texto-base da Campanha da Fraternidade Ecum\u00eanica\u00a0 (CFE) de 2016,\u00a0 que ser\u00e1 realizada em parceria com a Confer\u00eancia Nacional dos Bispos do Brasil (CNBB), com o objetivo de debater com a sociedade quest\u00f5es do saneamento b\u00e1sico a fim de garantir desenvolvimento, sa\u00fade integral e qualidade de vida aos cidad\u00e3os. <\/p>\n<p>O tema escolhido para a reflex\u00e3o \u00e9 \u201cCasa comum, nossa responsabilidade\u201d e o lema \u201cQuero ver o direito brotar como fonte e correr a justi\u00e7a qual riacho que n\u00e3o seca\u201d (Am 5.24). A proposta est\u00e1 em sintonia com a Enc\u00edclica do papa Francisco, \u201cLaudato Si\u201d. <\/p>\n<p>\u201cNesse tema e lema, duas dimens\u00f5es b\u00e1sicas para a subsist\u00eancia da vida s\u00e3o abarcadas a um s\u00f3 tempo: o cuidado com a cria\u00e7\u00e3o e a luta pela justi\u00e7a, sobretudo dos pa\u00edses pobres e vulner\u00e1veis. Nessa Campanha da Fraternidade Ecum\u00eanica, queremos instaurar processos de di\u00e1logos que contribuam para a reflex\u00e3o cr\u00edtica dos modelos de desenvolvimento que t\u00eam orientado a pol\u00edtica e a economia\u201d, explica a coordena\u00e7\u00e3o geral, representada pelo bispo da Igreja Anglicana e presidente do Conic, dom Fl\u00e1vio Irala, e a secret\u00e1ria-geral, pastora Romi M\u00e1rcia Bencke. <\/p>\n<p> Ainda, na apresenta\u00e7\u00e3o do texto-base, a organiza\u00e7\u00e3o diz que a reflex\u00e3o da CEF 2016 ser\u00e1 \u201ca partir de um problema espec\u00edfico que afeta o meio ambiente e a vida de todos os seres vivos, que \u00e9 a fragilidade e, em alguns lugares, a aus\u00eancia dos servi\u00e7os de saneamento b\u00e1sico em nosso pa\u00eds\u201d. <\/p>\n<p>O texto-base est\u00e1 organizado em cinco partes, a partir do m\u00e9todo ver, julgar e agir. Ao final, s\u00e3o apresentados os objetivos permanentes da Campanha, os temas anteriores e os gestos concretos previstos durante a Campanha 2016. <\/p>\n<p>Campanha cruza fronteiras<\/p>\n<p>Uma das novidades da Campanha \u00e9 a parceria com a Misereor &#8211; entidade episcopal da Igreja Cat\u00f3lica da Alemanha que trabalha na coopera\u00e7\u00e3o para o desenvolvimento na \u00c1sia, \u00c1frica e Am\u00e9rica Latina. <\/p>\n<p>Desde 1958, a Misereor contribui para fortalecer a voz dos povos do Sul, que lutam e buscam caminhos que possam conduzir ao bem-viver dos homens e mulheres. A CFE est\u00e1 em sintonia, tamb\u00e9m, com o Conselho Mundial das Igrejas e com o papa Francisco. <\/p>\n<p>Integram a Comiss\u00e3o da Campanha da Fraternidade Ecum\u00eanica 2016: Igreja Cat\u00f3lica Apost\u00f3lica Romana, Igreja Evang\u00e9lica de Confiss\u00e3o Luterana no Brasil, Igreja Episcopal Anglicana do Brasil, Igreja Presbiteriana Unida do Brasil, Igreja Sirian Ortodoxa de Antioquia, Centro Ecum\u00eanico de Servi\u00e7os \u00e0 Evangeliza\u00e7\u00e3o e Educa\u00e7\u00e3o Popular (Ceseep), Vis\u00e3o Mundial, Alian\u00e7a de Batistas do Brasil, Diretoria do Conic, Misereor. <br \/>CNBB com informa\u00e7\u00f5es do Conic<\/p>\n<p style=\"text-align: justify;\">Fonte: CNBB<\/p>\n","protected":false},"excerpt":{"rendered":"<p>O tema escolhido para a reflex\u00e3o \u00e9 \u201cCasa comum, nossa responsabilidade\u201d O Conselho Nacional de Igrejas Crist\u00e3s do Brasil (Conic) publicou o texto-base da Campanha da Fraternidade Ecum\u00eanica\u00a0 (CFE) de 2016,\u00a0 que ser\u00e1 realizada em parceria com a Confer\u00eancia Nacional dos Bispos do Brasil (CNBB), com o objetivo de debater com a sociedade quest\u00f5es do [&hellip;]<\/p>\n","protected":false},"author":1,"featured_media":0,"comment_status":"open","ping_status":"open","sticky":false,"template":"","format":"standard","meta":{"footnotes":""},"categories":[7],"tags":[],"class_list":["post-11889","post","type-post","status-publish","format-standard","hentry","category-cnbb"],"_links":{"self":[{"href":"https:\/\/catolicanet.net\/wp-cnet\/wp-json\/wp\/v2\/posts\/11889","targetHints":{"allow":["GET"]}}],"collection":[{"href":"https:\/\/catolicanet.net\/wp-cnet\/wp-json\/wp\/v2\/posts"}],"about":[{"href":"https:\/\/catolicanet.net\/wp-cnet\/wp-json\/wp\/v2\/types\/post"}],"author":[{"embeddable":true,"href":"https:\/\/catolicanet.net\/wp-cnet\/wp-json\/wp\/v2\/users\/1"}],"replies":[{"embeddable":true,"href":"https:\/\/catolicanet.net\/wp-cnet\/wp-json\/wp\/v2\/comments?post=11889"}],"version-history":[{"count":1,"href":"https:\/\/catolicanet.net\/wp-cnet\/wp-json\/wp\/v2\/posts\/11889\/revisions"}],"predecessor-version":[{"id":24102,"href":"https:\/\/catolicanet.net\/wp-cnet\/wp-json\/wp\/v2\/posts\/11889\/revisions\/24102"}],"wp:attachment":[{"href":"https:\/\/catolicanet.net\/wp-cnet\/wp-json\/wp\/v2\/media?parent=11889"}],"wp:term":[{"taxonomy":"category","embeddable":true,"href":"https:\/\/catolicanet.net\/wp-cnet\/wp-json\/wp\/v2\/categories?post=11889"},{"taxonomy":"post_tag","embeddable":true,"href":"https:\/\/catolicanet.net\/wp-cnet\/wp-json\/wp\/v2\/tags?post=11889"}],"curies":[{"name":"wp","href":"https:\/\/api.w.org\/{rel}","templated":true}]}}