{"id":11887,"date":"2015-10-06T13:38:58","date_gmt":"2015-10-06T16:38:58","guid":{"rendered":"http:\/\/catolicanet.net\/wp-cnet\/2015\/10\/06\/mudar-para-nao-virar-peca-de-museu\/"},"modified":"2017-05-09T15:36:37","modified_gmt":"2017-05-09T18:36:37","slug":"mudar-para-nao-virar-peca-de-museu","status":"publish","type":"post","link":"https:\/\/catolicanet.net\/wp-cnet\/mudar-para-nao-virar-peca-de-museu\/","title":{"rendered":"Mudar para n\u00e3o virar pe\u00e7a de museu"},"content":{"rendered":"<p style=\"text-align: justify;\">No C\u00e2ntico das Criaturas, vemos um Francisco de Assis amando e respeitando a criatura humana e, ao mesmo tempo, protegendo animais e plantas, chamando-os, com a maior ternura, de irm\u00e3os e irm\u00e3s. A chuva, o vento, o fogo e tudo mais, para ele, deveriam ser carinhosamente tratados e respeitados como irm\u00e3os. Fica f\u00e1cil de compreender o porqu\u00ea da figura humana mais importante e atraente do mil\u00eanio passado conhecida em todo o planeta. E \u00e9 precisamente a partir dele que a f\u00e9 passou a ser vivida dentro de uma nova vis\u00e3o, fazendo a diferen\u00e7a naquele que foi ao extremo, desceu e foi \u00e0s ra\u00edzes.<br \/>Como \u00e9 indispens\u00e1vel ao nosso mundo atual o conte\u00fado da Carta Enc\u00edclica Laudato S\u00ed\u2019, do nosso querido Papa Francisco, iniciada com o referido canto: \u201cLouvado sejas, meu Senhor, cantava S\u00e3o Francisco de Assis. Nesse gracioso c\u00e2ntico, recordava-nos que a nossa casa comum se pode comparar ora a uma irm\u00e3, com quem partilhamos a exist\u00eancia, ora a uma boa m\u00e3e, que nos acolhe nos seus bra\u00e7os: Louvado sejas, meu Senhor, pela nossa irm\u00e3, a m\u00e3e terra, que nos sustenta, governa e produz variados frutos, com flores coloridas e verduras\u201d. Assaz o Sucessor de Pedro tem como objetivo, perseguir indignado, a vida no seu sentido mais amplo, antevendo com sua esperan\u00e7a e palavra prof\u00e9tica, a restaura\u00e7\u00e3o da casa comum, ao mesmo tempo em que denunciou a fome como um enorme esc\u00e2ndalo (05\/10\/2015): &#8220;Devemos lembrar-nos diariamente desta injusti\u00e7a: num mundo rico em recursos alimentares, tamb\u00e9m gra\u00e7as aos enormes progressos tecnol\u00f3gicos, s\u00e3o demasiados aqueles que n\u00e3o t\u00eam o necess\u00e1rio para sobreviver&#8221;.<br \/>Que a m\u00edstica de Francisco de Assis, pelo desejo do Romano Pont\u00edfice, de uma Igreja mais \u201cacolhedora e acess\u00edvel\u201d, na qual se \u201ctenha a coragem de mudar, se n\u00e3o quiser virar uma pe\u00e7a de museu\u201d, sem se distanciar, evidentemente, do Evangelho, indo ao encontro das fam\u00edlias, empobrecidos e no di\u00e1logo com as realidades com as quais somos chamados a conviver.\u00a0 Na mensagem (04\/10\/2015), precedendo a ora\u00e7\u00e3o do Angelus na Pra\u00e7a de S\u00e3o Pedro da Janela do Pal\u00e1cio Apost\u00f3lico, o Santo Padre se expressou sobre o S\u00ednodo assim: \u201cDurante tr\u00eas semanas, os padres sinodais refletir\u00e3o sobre a voca\u00e7\u00e3o e a miss\u00e3o da fam\u00edlia na Igreja e na sociedade, para um atento discernimento espiritual e pastoral. Manteremos o olhar fixo em Jesus para identificar as estradas mais oportunas para um empenho adequado da Igreja com as fam\u00edlias e para as fam\u00edlias\u201d.<br \/>A mensagem enviada \u00e0 Igreja da Irlanda, por ocasi\u00e3o do Dia da Vida, na mesma data acima referida, o Santo Padre recordou os ensinamentos de S\u00e3o Francisco de Assis, associado \u00e0 festa do terno irm\u00e3o universal, em uma demonstra\u00e7\u00e3o de comovedora ternura, que toda a vida \u00e9 um dom de Deus. O Papa Francisco disse com veem\u00eancia que proteger a vida \u00e9 proteger a sociedade, \u201cexortando a imitar Deus e proteger, tutelar e defender toda vida humana, em especial a dos mais fracos e vulner\u00e1veis: idosos, nascituros, pobres e marginalizados\u201d. O Sumo Pont\u00edfice deixou claro, ao presidir o S\u00ednodo dos bispos sobre a Fam\u00edlia no dia seguinte (05\/10\/2015), que a Igreja \u201cn\u00e3o \u00e9 um congresso ou uma conven\u00e7\u00e3o, um parlamento ou um senado\u201d onde se negocia decis\u00f5es.<br \/>Que a nossa prece suba aos c\u00e9us pelo mundo e pela Igreja, espalhada por toda a extens\u00e3o da terra, quando suas aten\u00e7\u00f5es se voltam para o S\u00ednodo dos bispos, de 4 a 25 de outubro de 2015, inspirados no Santo de Assis, que, atendendo ao chamado de Deus, abra\u00e7ou com indiz\u00edvel amor o mist\u00e9rio da cruz, pelas heroicas virtudes, coragem e de f\u00e9 inabal\u00e1vel. Aceitou tudo por amor, canalizando, dentro da virtude da humildade, com a clara consci\u00eancia que, de todas as gra\u00e7as concedidas pelo Esp\u00edrito Santo de Deus, a mais preciosa \u00e9 a ren\u00fancia. Com o mesmo esp\u00edrito, guardemos no mais \u00edntimo do \u00edntimo o que o Bispo de Roma asseverou: \u201cO S\u00ednodo \u00e9 uma express\u00e3o eclesial, isto \u00e9, a Igreja que caminha em conjunto para ler a realidade com os olhos da f\u00e9 e o cora\u00e7\u00e3o de Deus\u201d. Assim seja!<br \/>*Escritor, blogueiro, colunista, vice-presidente da Previd\u00eancia Sacerdotal e P\u00e1roco de Santo Afonso, Parquel\u00e2ndia, Fortaleza-CE<\/p>\n","protected":false},"excerpt":{"rendered":"<p>No C\u00e2ntico das Criaturas, vemos um Francisco de Assis amando e respeitando a criatura humana e, ao mesmo tempo, protegendo animais e plantas, chamando-os, com a maior ternura, de irm\u00e3os e irm\u00e3s. A chuva, o vento, o fogo e tudo mais, para ele, deveriam ser carinhosamente tratados e respeitados como irm\u00e3os. Fica f\u00e1cil de compreender [&hellip;]<\/p>\n","protected":false},"author":6,"featured_media":0,"comment_status":"open","ping_status":"open","sticky":false,"template":"","format":"standard","meta":{"footnotes":""},"categories":[9],"tags":[],"class_list":["post-11887","post","type-post","status-publish","format-standard","hentry","category-artigos"],"_links":{"self":[{"href":"https:\/\/catolicanet.net\/wp-cnet\/wp-json\/wp\/v2\/posts\/11887","targetHints":{"allow":["GET"]}}],"collection":[{"href":"https:\/\/catolicanet.net\/wp-cnet\/wp-json\/wp\/v2\/posts"}],"about":[{"href":"https:\/\/catolicanet.net\/wp-cnet\/wp-json\/wp\/v2\/types\/post"}],"author":[{"embeddable":true,"href":"https:\/\/catolicanet.net\/wp-cnet\/wp-json\/wp\/v2\/users\/6"}],"replies":[{"embeddable":true,"href":"https:\/\/catolicanet.net\/wp-cnet\/wp-json\/wp\/v2\/comments?post=11887"}],"version-history":[{"count":1,"href":"https:\/\/catolicanet.net\/wp-cnet\/wp-json\/wp\/v2\/posts\/11887\/revisions"}],"predecessor-version":[{"id":21923,"href":"https:\/\/catolicanet.net\/wp-cnet\/wp-json\/wp\/v2\/posts\/11887\/revisions\/21923"}],"wp:attachment":[{"href":"https:\/\/catolicanet.net\/wp-cnet\/wp-json\/wp\/v2\/media?parent=11887"}],"wp:term":[{"taxonomy":"category","embeddable":true,"href":"https:\/\/catolicanet.net\/wp-cnet\/wp-json\/wp\/v2\/categories?post=11887"},{"taxonomy":"post_tag","embeddable":true,"href":"https:\/\/catolicanet.net\/wp-cnet\/wp-json\/wp\/v2\/tags?post=11887"}],"curies":[{"name":"wp","href":"https:\/\/api.w.org\/{rel}","templated":true}]}}