{"id":11886,"date":"2015-10-06T13:37:03","date_gmt":"2015-10-06T16:37:03","guid":{"rendered":"http:\/\/catolicanet.net\/wp-cnet\/2015\/10\/06\/rosario-da-virgem-maria\/"},"modified":"2017-05-09T15:37:07","modified_gmt":"2017-05-09T18:37:07","slug":"rosario-da-virgem-maria","status":"publish","type":"post","link":"https:\/\/catolicanet.net\/wp-cnet\/rosario-da-virgem-maria\/","title":{"rendered":"Ros\u00e1rio da Virgem Maria"},"content":{"rendered":"<p style=\"text-align: justify;\">Todos os anos temos em nossa Arquidiocese o encontro chamado \u201cSenhora do Ros\u00e1rio\u201d, que congrega todos os \u201cgrupos de ter\u00e7o\u201d que existem em nossas comunidades para um momento solene de ora\u00e7\u00e3o em comum. Al\u00e9m disso, vemos com muita alegria a multiplica\u00e7\u00e3o do \u201cter\u00e7o dos homens\u201d nas par\u00f3quias com uma bela participa\u00e7\u00e3o dos mesmos. Em algumas par\u00f3quias chegam a milhares todas as semanas. S\u00e3o tempos em que vemos o incremento da ora\u00e7\u00e3o contemplativa, que \u00e9 o Ros\u00e1rio. Este m\u00eas mission\u00e1rio \u00e9 tamb\u00e9m o M\u00eas do Ros\u00e1rio. Dia 7, ao encerrar a Semana Nacional da Vida, celebraremos a mem\u00f3ria de Nossa Senhora do Ros\u00e1rio.<br \/>A palavra ros\u00e1rio deriva do latim rosarium, que significa &#8220;buqu\u00ea, s\u00e9rie de rosas, grinalda&#8221;. Na Igreja Cat\u00f3lica, o Ros\u00e1rio consiste hoje em 20 mist\u00e9rios que nos falam da encarna\u00e7\u00e3o, vida, paix\u00e3o, morte e ressurrei\u00e7\u00e3o de Jesus Cristo, pentecostes, assun\u00e7\u00e3o e coroa\u00e7\u00e3o de Maria Sant\u00edssima. Cada Pai-Nosso, Ave-Maria e Gl\u00f3ria rezados s\u00e3o como rosas espirituais colocadas aos p\u00e9s do Senhor e de sua M\u00e3e. Contemplamos os mist\u00e9rios da salva\u00e7\u00e3o com a contempla\u00e7\u00e3o da repeti\u00e7\u00e3o da ora\u00e7\u00e3o mariana.<br \/> As ora\u00e7\u00f5es do Ros\u00e1rio s\u00e3o b\u00edblicas e da tradi\u00e7\u00e3o da Igreja: o Pai-Nosso foi a ora\u00e7\u00e3o ensinada pelo pr\u00f3prio Cristo aos seus disc\u00edpulos. A Ave-Maria repete as palavras pronunciadas pelo anjo Gabriel, a sauda\u00e7\u00e3o de Isabel e a verdade de que ela \u00e9 a M\u00e3e de Deus (Theot\u00f3kos), reconhecida no Conc\u00edlio de Nic\u00e9ia, no ano 431 D.C. E, por fim, rezamos a gl\u00f3ria da Sant\u00edssima Trindade concluindo cada mist\u00e9rio.<br \/> Uma das teorias hist\u00f3ricas diz que o Ros\u00e1rio teve origem nos monges irlandeses, nos s\u00e9culos VIII e IX, que recitavam os 150 salmos. Era costume mon\u00e1stico rezar diariamente o salt\u00e9rio. Os leigos das redondezas apreciavam o costume, mas n\u00e3o podiam acompanh\u00e1-los porque n\u00e3o sabiam ler. Ent\u00e3o se sugeriu que eles rezassem 150 Pai-Nossos em vez dos salmos, que mais tarde foram substitu\u00eddos por 150 Ave-Marias. Eram ora\u00e7\u00f5es espont\u00e2neas, visto que ainda n\u00e3o havia regulamenta\u00e7\u00e3o da Igreja. E essa piedade come\u00e7ou a espalhar-se. <br \/> A hist\u00f3ria do Ros\u00e1rio \u00e9 um longo seguimento de maravilhas, gra\u00e7as e b\u00ean\u00e7\u00e3os concedidas a todos os que o recitam.\u00a0 Surgiu, no sul da Fran\u00e7a, certa seita de hereges, propagadora de doutrinas pernicios\u00edssimas e extremamente cru\u00e9is para a Igreja e para a pr\u00f3pria sociedade civil. Infelizmente, depressa aumentou o n\u00famero dos seus adeptos, cuja viol\u00eancia se manifestava pelo inc\u00eandio das igrejas, pelo saque das cidades e pelo assass\u00ednio de gente pac\u00edfica s\u00f3 porque recusava aceitar os seus vis ensinamentos.<br \/> Uma outra tradi\u00e7\u00e3o nos leva a S\u00e3o Domingos e aos frades dominicanos. S\u00e3o Domingos recorreu a Maria, com confian\u00e7a ilimitada e, em resposta \u00e0 sua ora\u00e7\u00e3o, ela inspirou-lhe o Ros\u00e1rio como arma, pela qual ele haveria de conseguir as mais extraordin\u00e1rias vit\u00f3rias sobre o mal. Mas o Ros\u00e1rio de Domingos n\u00e3o era tal qual o temos hoje. Corria j\u00e1 o ano de 1208. Consistiria na prega\u00e7\u00e3o dos Mist\u00e9rios principais da nossa salva\u00e7\u00e3o, o mais popular poss\u00edvel, sem deixar de ser b\u00edblica, levando os ouvintes depois \u00e0 recita\u00e7\u00e3o do Pai-Nosso (Ora\u00e7\u00e3o dominical), da Ave-Maria (Sauda\u00e7\u00e3o Ang\u00e9lica) sem a &#8220;Santa Maria&#8221;, que foi introduzida posteriormente.<br \/> O Papa S\u00e3o Pio V (1565-1572) foi o primeiro a institucionalizar a devo\u00e7\u00e3o, em comemora\u00e7\u00e3o \u00e0 grande vit\u00f3ria na Batalha de Lepanto, pois havia pedido, na batalha anterior, que toda a Cristandade rezasse o Ros\u00e1rio. O papa fez uma grande prociss\u00e3o do Ros\u00e1rio na Pra\u00e7a de S\u00e3o Pedro pedindo essa intercess\u00e3o. Durante esses terr\u00edveis dias, e especialmente no dia da batalha, S\u00e3o Pio V orava a Nossa Senhora do Ros\u00e1rio com fervor intenso, recorrendo assim \u00e0 M\u00e3e de Nosso Senhor Jesus Cristo.\u00a0 No momento da vit\u00f3ria entrou em \u00eaxtase e teve a revela\u00e7\u00e3o de que os crist\u00e3os tinham vencido. Voltando-se para os que o rodeavam, S\u00e3o Pio V deu-lhes a boa not\u00edcia e todos se ajoelharam para dar gra\u00e7as a Deus e a Nossa Senhora. Para recordar e agradecer a Deus pela vit\u00f3ria de Lepanto alcan\u00e7ada pelas armas crist\u00e3s, nesse dia 7 de outubro de 1571 foi institu\u00edda a mem\u00f3ria de Nossa Senhora da Vit\u00f3ria.\u00a0 <br \/>Em 1573, o Papa Greg\u00f3rio XIII mudou o nome para Festa do Santo Ros\u00e1rio e a instituiu para certas Igrejas. Posteriormente, foi estendida por Clemente XI ao mundo cat\u00f3lico, em a\u00e7\u00e3o de gra\u00e7as por um novo triunfo alcan\u00e7ado por Carlos VI da Hungria sobre os Turcos em 1716. A devo\u00e7\u00e3o assim expandiu-se em todos os tempos, sendo rezada inteira ou em ter\u00e7os, antigamente tr\u00eas, hoje quatro.<br \/> O Ros\u00e1rio foi aprovado solenemente pela Santa Igreja, e tem sido louvado e recomendado pelos papas em v\u00e1rios documentos e tamb\u00e9m por eles enriquecido no correr dos tempos, com muit\u00edssimas e notabil\u00edssimas indulg\u00eancias. Ainda mais, os Soberanos Pont\u00edfices quiseram que esta devo\u00e7\u00e3o tivesse, no c\u00edrculo lit\u00fargico, festa especial, a qual se celebra como mem\u00f3ria obrigat\u00f3ria todos os anos no dia 7 de outubro. <br \/> Em 2002, S\u00e3o Jo\u00e3o Paulo II acrescentou mais um mist\u00e9rio no Ros\u00e1rio, com a Enc\u00edclica Rosarium Virginis Mariae. Foi assim o chamado Mist\u00e9rio Luminoso, o qual medita sobre a vida p\u00fablica de Jesus. O Papa Jo\u00e3o Paulo II, devot\u00edssimo de Nossa Senhora e talvez um dos maiores Papas marianos da hist\u00f3ria, inaugurou uma nova era de devo\u00e7\u00e3o a Maria, dando especial aten\u00e7\u00e3o \u00e0 forma f\u00edsica e contemplativa do Ros\u00e1rio ao inserir a medita\u00e7\u00e3o desta importante fase da vida de Jesus, ou seja, a contempla\u00e7\u00e3o dos mist\u00e9rios luminosos. Os mist\u00e9rios luminosos s\u00e3o: 1) Batismo de Jesus no rio Jord\u00e3o; 2) Auto-revela\u00e7\u00e3o de Jesus nas Bodas de Can\u00e1; 3) An\u00fancio do Reino de Deus; 4) Transfigura\u00e7\u00e3o de Jesus e 5) Institui\u00e7\u00e3o da Eucaristia.<br \/> Que neste M\u00eas do Ros\u00e1rio possam os av\u00f3s e pais transmitir aos seus filhos e netos esta pr\u00e1tica piedosa important\u00edssima que \u00e9 a Reza do Santo Ros\u00e1rio. &#8220;O ter\u00e7o \u00e9 a ora\u00e7\u00e3o que acompanha todo o tempo da minha vida. \u00c9 tamb\u00e9m a ora\u00e7\u00e3o dos simples e dos santos. \u00c9 a ora\u00e7\u00e3o do meu cora\u00e7\u00e3o&#8221;. Com estas palavras, o Papa Francisco escreveu o pr\u00f3logo do livro &#8220;Il rosario, preghiera del cuore&#8221; (&#8220;Ros\u00e1rio, a ora\u00e7\u00e3o do cora\u00e7\u00e3o&#8221;, em tradu\u00e7\u00e3o livre), escrito pelo Pe. Yoannis Lahzi Gaid, um sacerdote copta de rito cat\u00f3lico que, h\u00e1 alguns meses faz parte do seu secretariado particular. Que, como o Papa Francisco, possamos, particularmente neste m\u00eas de outubro, rezar pelas nossas fam\u00edlias para que elas testemunhem a f\u00e9 cat\u00f3lica e sejam aut\u00eanticas transmissoras da f\u00e9 e evangelizadoras. Temos muitas inten\u00e7\u00f5es a colocar ao rezarmos hoje o Santo Ros\u00e1rio, tanto pessoais como comunit\u00e1rias, eclesiais e sociais, familiares e sociais. Nossa Senhora do Ros\u00e1rio, ajude-nos neste bom prop\u00f3sito! Assim seja!<\/p>\n<p><\/p>\n","protected":false},"excerpt":{"rendered":"<p>Todos os anos temos em nossa Arquidiocese o encontro chamado \u201cSenhora do Ros\u00e1rio\u201d, que congrega todos os \u201cgrupos de ter\u00e7o\u201d que existem em nossas comunidades para um momento solene de ora\u00e7\u00e3o em comum. Al\u00e9m disso, vemos com muita alegria a multiplica\u00e7\u00e3o do \u201cter\u00e7o dos homens\u201d nas par\u00f3quias com uma bela participa\u00e7\u00e3o dos mesmos. Em algumas [&hellip;]<\/p>\n","protected":false},"author":5,"featured_media":0,"comment_status":"open","ping_status":"open","sticky":false,"template":"","format":"standard","meta":{"footnotes":""},"categories":[9],"tags":[],"class_list":["post-11886","post","type-post","status-publish","format-standard","hentry","category-artigos"],"_links":{"self":[{"href":"https:\/\/catolicanet.net\/wp-cnet\/wp-json\/wp\/v2\/posts\/11886","targetHints":{"allow":["GET"]}}],"collection":[{"href":"https:\/\/catolicanet.net\/wp-cnet\/wp-json\/wp\/v2\/posts"}],"about":[{"href":"https:\/\/catolicanet.net\/wp-cnet\/wp-json\/wp\/v2\/types\/post"}],"author":[{"embeddable":true,"href":"https:\/\/catolicanet.net\/wp-cnet\/wp-json\/wp\/v2\/users\/5"}],"replies":[{"embeddable":true,"href":"https:\/\/catolicanet.net\/wp-cnet\/wp-json\/wp\/v2\/comments?post=11886"}],"version-history":[{"count":1,"href":"https:\/\/catolicanet.net\/wp-cnet\/wp-json\/wp\/v2\/posts\/11886\/revisions"}],"predecessor-version":[{"id":21924,"href":"https:\/\/catolicanet.net\/wp-cnet\/wp-json\/wp\/v2\/posts\/11886\/revisions\/21924"}],"wp:attachment":[{"href":"https:\/\/catolicanet.net\/wp-cnet\/wp-json\/wp\/v2\/media?parent=11886"}],"wp:term":[{"taxonomy":"category","embeddable":true,"href":"https:\/\/catolicanet.net\/wp-cnet\/wp-json\/wp\/v2\/categories?post=11886"},{"taxonomy":"post_tag","embeddable":true,"href":"https:\/\/catolicanet.net\/wp-cnet\/wp-json\/wp\/v2\/tags?post=11886"}],"curies":[{"name":"wp","href":"https:\/\/api.w.org\/{rel}","templated":true}]}}