{"id":11883,"date":"2015-10-05T19:23:55","date_gmt":"2015-10-05T22:23:55","guid":{"rendered":"http:\/\/catolicanet.net\/wp-cnet\/2015\/10\/05\/cardeal-ruini-colaborador-de-sao-joao-paulo-ii-afirma-a-abstinencia-nao-e-desumana\/"},"modified":"2017-05-30T15:45:40","modified_gmt":"2017-05-30T18:45:40","slug":"cardeal-ruini-colaborador-de-sao-joao-paulo-ii-afirma-a-abstinencia-nao-e-desumana","status":"publish","type":"post","link":"https:\/\/catolicanet.net\/wp-cnet\/cardeal-ruini-colaborador-de-sao-joao-paulo-ii-afirma-a-abstinencia-nao-e-desumana\/","title":{"rendered":"Cardeal Ruini, colaborador de S\u00e3o Jo\u00e3o Paulo II, afirma: a abstin\u00eancia n\u00e3o \u00e9 desumana"},"content":{"rendered":"<p style=\"text-align: justify;\"><img decoding=\"async\" src=\"http:\/\/catolicanet.com.br\/images\/stories\/00 camilloruini_diocesisderoma_051015.jpg\" border=\"0\" align=\"left\" \/>O Vig\u00e1rio Em\u00e9rito para a Diocese de Roma, ex-presidente da Confer\u00eancia Episcopal Italiana e colaborador pr\u00f3ximo dos Papas S\u00e3o Jo\u00e3o Paulo II e Bento XVI, o Cardeal Camillo Ruini, afirmou que em seus mais de 60 anos como sacerdote nunca se sentiu desumanizado por viver a abstin\u00eancia sexual a que est\u00e3o obrigados todos os presb\u00edteros na Igreja. O coment\u00e1rio desterra a afirma\u00e7\u00e3o do sacerdote polon\u00eas, Chryzstof Charamsa, que se declarou homossexual pouco antes do S\u00ednodo para as Fam\u00edlias, quem afirmou que a abstin\u00eancia que a Igreja indica para os homossexuais \u00e9 uma op\u00e7\u00e3o \u201cdesumana\u201d.<\/p>\n<p>Assim indicou o emblem\u00e1tico Cardeal de 84 anos de idade em uma entrevista concedida ao jornal \u201cIl Corriere della Sera\u201d, ao ser perguntado sobre o que foi dito pelo sacerdote Chryzstof Charamsa, quem afirmou que este \u00e9 o momento para que a Igreja \u201centenda que a solu\u00e7\u00e3o que lhes prop\u00f5e (aos homossexuais), a abstin\u00eancia total da vida de amor, \u00e9 desumana\u201d.<\/p>\n<p>Sobre a afirma\u00e7\u00e3o de Charamsa \u2013 o sacerdote polon\u00eas que trabalhava na Congrega\u00e7\u00e3o para a Doutrina da F\u00e9 no Vaticano que revelou ser um homossexual ativo e ter um companheiro \u2013, o Cardeal Ruini assegurou que \u201ccomo sacerdote eu tamb\u00e9m tenho a obriga\u00e7\u00e3o da abstin\u00eancia e em mais de 60 anos nunca me senti desumanizado nem privado de uma vida de amor, que \u00e9 algo muito maior que o exerc\u00edcio da sexualidade\u201d.<\/p>\n<p>O emblem\u00e1tico Purpurado italiano disse que depois da revela\u00e7\u00e3o de Charamsa, o que ele experimentou \u00e9 \u201cuma impress\u00e3o de pena, tamb\u00e9m de surpresa, sobretudo pelo momento que escolheu\u201d. Vale recordar que sua entrevista foi publicada no dia 03 de outubro, v\u00e9spera do in\u00edcio do S\u00ednodo dos Bispos para a Fam\u00edlia.<\/p>\n<p>Em sua opini\u00e3o, o caso do sacerdote polon\u00eas gay \u201ccertamente n\u00e3o ser\u00e1 do agrado dos (padres) sinodais, mas n\u00e3o ter\u00e1 nenhuma influ\u00eancia substancial\u201d.<\/p>\n<p>Depois de recordar que o Papa Francisco \u201cse expressou em diversas ocasi\u00f5es claramente e em oposi\u00e7\u00e3o ao matrim\u00f4nio entre pessoas do mesmo sexo\u201d, o Cardeal disse que se existe um lobby gay no Vaticano e que isto \u201c\u00e9 algo sobre o qual \u00e9 necess\u00e1rio fazer uma limpeza\u201d.<\/p>\n<p>\u201cPessoalmente, compartilho o coment\u00e1rio do Cardeal Parolin, depois do referendo na Irlanda: \u2018o matrim\u00f4nio homossexual \u00e9 uma derrota para a humanidade\u2019, porque ignora a diferen\u00e7a e a complementariedade entre homem e mulher, fundamental do ponto de vista n\u00e3o s\u00f3 f\u00edsico, mas tamb\u00e9m psicol\u00f3gico e antropol\u00f3gico\u201d.<\/p>\n<p>O Cardeal Ruini disse tamb\u00e9m que as uni\u00f5es homossexuais s\u00e3o \u201cuma verdadeira ruptura que contrasta com a experi\u00eancia e a realidade. A homossexualidade sempre esteve ali, mas ningu\u00e9m jamais pensou em fazer com isso um matrim\u00f4nio\u201d.<\/p>\n<p style=\"text-align: justify;\">Fonte: Acidigital<\/p>\n","protected":false},"excerpt":{"rendered":"<p>O Vig\u00e1rio Em\u00e9rito para a Diocese de Roma, ex-presidente da Confer\u00eancia Episcopal Italiana e colaborador pr\u00f3ximo dos Papas S\u00e3o Jo\u00e3o Paulo II e Bento XVI, o Cardeal Camillo Ruini, afirmou que em seus mais de 60 anos como sacerdote nunca se sentiu desumanizado por viver a abstin\u00eancia sexual a que est\u00e3o obrigados todos os presb\u00edteros [&hellip;]<\/p>\n","protected":false},"author":1,"featured_media":0,"comment_status":"open","ping_status":"open","sticky":false,"template":"","format":"standard","meta":{"footnotes":""},"categories":[7],"tags":[],"class_list":["post-11883","post","type-post","status-publish","format-standard","hentry","category-cnbb"],"_links":{"self":[{"href":"https:\/\/catolicanet.net\/wp-cnet\/wp-json\/wp\/v2\/posts\/11883","targetHints":{"allow":["GET"]}}],"collection":[{"href":"https:\/\/catolicanet.net\/wp-cnet\/wp-json\/wp\/v2\/posts"}],"about":[{"href":"https:\/\/catolicanet.net\/wp-cnet\/wp-json\/wp\/v2\/types\/post"}],"author":[{"embeddable":true,"href":"https:\/\/catolicanet.net\/wp-cnet\/wp-json\/wp\/v2\/users\/1"}],"replies":[{"embeddable":true,"href":"https:\/\/catolicanet.net\/wp-cnet\/wp-json\/wp\/v2\/comments?post=11883"}],"version-history":[{"count":1,"href":"https:\/\/catolicanet.net\/wp-cnet\/wp-json\/wp\/v2\/posts\/11883\/revisions"}],"predecessor-version":[{"id":24643,"href":"https:\/\/catolicanet.net\/wp-cnet\/wp-json\/wp\/v2\/posts\/11883\/revisions\/24643"}],"wp:attachment":[{"href":"https:\/\/catolicanet.net\/wp-cnet\/wp-json\/wp\/v2\/media?parent=11883"}],"wp:term":[{"taxonomy":"category","embeddable":true,"href":"https:\/\/catolicanet.net\/wp-cnet\/wp-json\/wp\/v2\/categories?post=11883"},{"taxonomy":"post_tag","embeddable":true,"href":"https:\/\/catolicanet.net\/wp-cnet\/wp-json\/wp\/v2\/tags?post=11883"}],"curies":[{"name":"wp","href":"https:\/\/api.w.org\/{rel}","templated":true}]}}