{"id":11878,"date":"2015-10-05T14:31:50","date_gmt":"2015-10-05T17:31:50","guid":{"rendered":"http:\/\/catolicanet.net\/wp-cnet\/2015\/10\/05\/primeiras-damas-africa-america-poderao-reunir-se-em-cabo-verde-em-2016\/"},"modified":"2017-06-02T13:59:29","modified_gmt":"2017-06-02T16:59:29","slug":"primeiras-damas-africa-america-poderao-reunir-se-em-cabo-verde-em-2016","status":"publish","type":"post","link":"https:\/\/catolicanet.net\/wp-cnet\/primeiras-damas-africa-america-poderao-reunir-se-em-cabo-verde-em-2016\/","title":{"rendered":"Primeiras damas \u00c1frica-Am\u00e9rica poder\u00e3o reunir-se em Cabo Verde em 2016"},"content":{"rendered":"<p style=\"text-align: justify;\"><img decoding=\"async\" src=\"http:\/\/catolicanet.com.br\/images\/stories\/00 ansa503611_articolo.jpg\" border=\"0\" align=\"left\" \/>Cabo Verde foi convidado pela ONG Horizon Africa, para a acolher a cimeira das primeiras damas \u00c1frica-Am\u00e9rica em 2016.<\/p>\n<p>A informa\u00e7\u00e3o foi avan\u00e7ada s\u00e1bado pela primeira-dama cabo-verdiana, L\u00edgia Fonseca, que acabava de regressar dos Estados Unidos de Am\u00e9rica, onde participou da mesa redonda \u201capoiar nos objectivos de desenvolvimento do Mil\u00e9nio para investir\u00a0 nos programas de desenvolvimento p\u00f3s 2015\u201d e no f\u00f3rum das mulheres l\u00edderes \u00c1frica-Am\u00e9rica, que teve lugar em Nova York.<\/p>\n<p>Ao fazer o balan\u00e7o dos eventos no qual participou em Nova York, L\u00edgia Fonseca\u00a0 disse que foram oportunidades para discutir a quest\u00e3o do refor\u00e7o das iniciativas e das parcerias no tratamento e na preven\u00e7\u00e3o do HIV juntos dos adolescentes e jovens e investir na sa\u00fade das mulheres e dos adolescentes no quadro da agenda para o desenvolvimento p\u00f3s-2015.<\/p>\n<p>A reuni\u00e3o foi tamb\u00e9m oportunidade para uma an\u00e1lise da quest\u00e3o dos refugiados. Entretanto, o ponto alto foi a recep\u00e7\u00e3o do pr\u00e9mio &#8220;OUTSTANDING LEADERSHIP AWARD\u201d.<\/p>\n<p>Durante a sua estada nos Estados Unidos de Am\u00e9rica, L\u00edgia Fonseca visitou a Universidades de Princeton onde preferiu uma palestra sob o tema \u201cconstruir o futuro Apostando nas pessoas\u201d e lan\u00e7ou as bases para uma\u00a0 coopera\u00e7\u00e3o com as institui\u00e7\u00f5es cabo-verdianas de ensino superior.<\/p>\n<p>Visitou tamb\u00e9m o Bush Institute liderado pela ex-primeira dama, Laura Bush, onde teve a oportunidade de conhecer diversas experiencias e manteve encontros com a comunidade cabo-verdiana em Nova York, onde conforme adiantou incitou as pessoas a exercerem o seu direito de voto, durante as elei\u00e7\u00f5es que se avizinham \u2013 informa a R\u00e1dio Nova de Cabo Verde\u2026<\/p>\n<p style=\"text-align: justify;\">Fonte: R\u00e1dio Vaticano<\/p>\n","protected":false},"excerpt":{"rendered":"<p>Cabo Verde foi convidado pela ONG Horizon Africa, para a acolher a cimeira das primeiras damas \u00c1frica-Am\u00e9rica em 2016. A informa\u00e7\u00e3o foi avan\u00e7ada s\u00e1bado pela primeira-dama cabo-verdiana, L\u00edgia Fonseca, que acabava de regressar dos Estados Unidos de Am\u00e9rica, onde participou da mesa redonda \u201capoiar nos objectivos de desenvolvimento do Mil\u00e9nio para investir\u00a0 nos programas de [&hellip;]<\/p>\n","protected":false},"author":1,"featured_media":0,"comment_status":"open","ping_status":"open","sticky":false,"template":"","format":"standard","meta":{"footnotes":""},"categories":[3],"tags":[],"class_list":["post-11878","post","type-post","status-publish","format-standard","hentry","category-vaticano"],"_links":{"self":[{"href":"https:\/\/catolicanet.net\/wp-cnet\/wp-json\/wp\/v2\/posts\/11878","targetHints":{"allow":["GET"]}}],"collection":[{"href":"https:\/\/catolicanet.net\/wp-cnet\/wp-json\/wp\/v2\/posts"}],"about":[{"href":"https:\/\/catolicanet.net\/wp-cnet\/wp-json\/wp\/v2\/types\/post"}],"author":[{"embeddable":true,"href":"https:\/\/catolicanet.net\/wp-cnet\/wp-json\/wp\/v2\/users\/1"}],"replies":[{"embeddable":true,"href":"https:\/\/catolicanet.net\/wp-cnet\/wp-json\/wp\/v2\/comments?post=11878"}],"version-history":[{"count":1,"href":"https:\/\/catolicanet.net\/wp-cnet\/wp-json\/wp\/v2\/posts\/11878\/revisions"}],"predecessor-version":[{"id":28575,"href":"https:\/\/catolicanet.net\/wp-cnet\/wp-json\/wp\/v2\/posts\/11878\/revisions\/28575"}],"wp:attachment":[{"href":"https:\/\/catolicanet.net\/wp-cnet\/wp-json\/wp\/v2\/media?parent=11878"}],"wp:term":[{"taxonomy":"category","embeddable":true,"href":"https:\/\/catolicanet.net\/wp-cnet\/wp-json\/wp\/v2\/categories?post=11878"},{"taxonomy":"post_tag","embeddable":true,"href":"https:\/\/catolicanet.net\/wp-cnet\/wp-json\/wp\/v2\/tags?post=11878"}],"curies":[{"name":"wp","href":"https:\/\/api.w.org\/{rel}","templated":true}]}}