{"id":11877,"date":"2015-10-05T14:26:52","date_gmt":"2015-10-05T17:26:52","guid":{"rendered":"http:\/\/catolicanet.net\/wp-cnet\/2015\/10\/05\/maputo-paroquia-s-francisco-de-assis-comemora-o-padroeiro\/"},"modified":"2017-06-02T11:12:30","modified_gmt":"2017-06-02T14:12:30","slug":"maputo-paroquia-s-francisco-de-assis-comemora-o-padroeiro","status":"publish","type":"post","link":"https:\/\/catolicanet.net\/wp-cnet\/maputo-paroquia-s-francisco-de-assis-comemora-o-padroeiro\/","title":{"rendered":"Maputo: Par\u00f3quia S. Francisco de Assis comemora o Padroeiro"},"content":{"rendered":"<p style=\"text-align: justify;\"><img decoding=\"async\" src=\"http:\/\/catolicanet.com.br\/images\/stories\/00 ossrom39741_articolo.jpg\" border=\"0\" align=\"left\" \/>A Par\u00f3quia S\u00e3o Francisco de Assis do Infulene em Maputo, celebrou este domingo a festa do seu padroeiro que este ano coincide com os 43 anos da sua cria\u00e7\u00e3o. Este ano a festa do padroeiro tem o cond\u00e3o de coincidir tamb\u00e9m com o fim da visita pastoral de 5 dias efectuada \u00e0quela par\u00f3quia pelo Bispo Auxiliar da Arquidiocese de Maputo, Dom Jo\u00e3o Carlos que igualmente presidiu a santa missa da solenidade de S\u00e3o Francisco de Assis.<\/p>\n<p>Momentos ap\u00f3s a celebra\u00e7\u00e3o eucar\u00edstica Dom Jo\u00e3o Carlos disse que S\u00e3o Francisco de Assis \u00e9 o espelho da paz, por isso, a comunidade desta par\u00f3quia deve primar pela paz e incutir nos outros o valor e o sentido da paz.<\/p>\n<p>Por seu turno, os fi\u00e9is abordados pela nossa reportagem n\u00e3o esconderam a sua alegria pela celebra\u00e7\u00e3o de mais um anivers\u00e1rio da sua par\u00f3quia.<\/p>\n<p>Refira-se que esta par\u00f3quia tem 4 comunidades e foi criada em 1972 e est\u00e1 entre as 45 par\u00f3quias da Arquidiocese de Maputo.<\/p>\n<p>Herm\u00ednio Jos\u00e9, Maputo.<\/p>\n<p style=\"text-align: justify;\">Fonte: R\u00e1dio Vaticano<\/p>\n","protected":false},"excerpt":{"rendered":"<p>A Par\u00f3quia S\u00e3o Francisco de Assis do Infulene em Maputo, celebrou este domingo a festa do seu padroeiro que este ano coincide com os 43 anos da sua cria\u00e7\u00e3o. Este ano a festa do padroeiro tem o cond\u00e3o de coincidir tamb\u00e9m com o fim da visita pastoral de 5 dias efectuada \u00e0quela par\u00f3quia pelo Bispo [&hellip;]<\/p>\n","protected":false},"author":1,"featured_media":0,"comment_status":"open","ping_status":"open","sticky":false,"template":"","format":"standard","meta":{"footnotes":""},"categories":[3],"tags":[],"class_list":["post-11877","post","type-post","status-publish","format-standard","hentry","category-vaticano"],"_links":{"self":[{"href":"https:\/\/catolicanet.net\/wp-cnet\/wp-json\/wp\/v2\/posts\/11877","targetHints":{"allow":["GET"]}}],"collection":[{"href":"https:\/\/catolicanet.net\/wp-cnet\/wp-json\/wp\/v2\/posts"}],"about":[{"href":"https:\/\/catolicanet.net\/wp-cnet\/wp-json\/wp\/v2\/types\/post"}],"author":[{"embeddable":true,"href":"https:\/\/catolicanet.net\/wp-cnet\/wp-json\/wp\/v2\/users\/1"}],"replies":[{"embeddable":true,"href":"https:\/\/catolicanet.net\/wp-cnet\/wp-json\/wp\/v2\/comments?post=11877"}],"version-history":[{"count":1,"href":"https:\/\/catolicanet.net\/wp-cnet\/wp-json\/wp\/v2\/posts\/11877\/revisions"}],"predecessor-version":[{"id":28117,"href":"https:\/\/catolicanet.net\/wp-cnet\/wp-json\/wp\/v2\/posts\/11877\/revisions\/28117"}],"wp:attachment":[{"href":"https:\/\/catolicanet.net\/wp-cnet\/wp-json\/wp\/v2\/media?parent=11877"}],"wp:term":[{"taxonomy":"category","embeddable":true,"href":"https:\/\/catolicanet.net\/wp-cnet\/wp-json\/wp\/v2\/categories?post=11877"},{"taxonomy":"post_tag","embeddable":true,"href":"https:\/\/catolicanet.net\/wp-cnet\/wp-json\/wp\/v2\/tags?post=11877"}],"curies":[{"name":"wp","href":"https:\/\/api.w.org\/{rel}","templated":true}]}}