{"id":11865,"date":"2015-10-02T17:31:12","date_gmt":"2015-10-02T20:31:12","guid":{"rendered":"http:\/\/catolicanet.net\/wp-cnet\/2015\/10\/02\/dioceses-de-todo-brasil-realizam-eventos-para-celebrar-o-ano-da-paz\/"},"modified":"2017-05-31T14:54:58","modified_gmt":"2017-05-31T17:54:58","slug":"dioceses-de-todo-brasil-realizam-eventos-para-celebrar-o-ano-da-paz","status":"publish","type":"post","link":"https:\/\/catolicanet.net\/wp-cnet\/dioceses-de-todo-brasil-realizam-eventos-para-celebrar-o-ano-da-paz\/","title":{"rendered":"Dioceses de todo Brasil realizam eventos para celebrar o Ano da Paz"},"content":{"rendered":"<p style=\"text-align: justify;\"><img decoding=\"async\" src=\"http:\/\/catolicanet.com.br\/images\/stories\/00 ano_da_paz_cartaz.png\" border=\"0\" align=\"left\" \/><img decoding=\"async\" src=\"http:\/\/catolicanet.com.br\/images\/stories\/00 ano_da_paz_cartaz.png\" border=\"0\" align=\"left\" \/>Igrejas particulares aproveitam sugest\u00e3o do dia de S\u00e3o Francisco de Assis para iniciativas do Ano da Paz.<\/p>\n<p>No pr\u00f3ximo domingo, 4 de outubro, a Igreja celebra S\u00e3o Francisco de Assis. A ocasi\u00e3o foi escolhida pelo episcopado brasileiro, durante a 53\u00aa Assembleia Geral da Confer\u00eancia Nacional dos Bispos do Brasil (CNBB), realizada em Aparecida (SP). De norte a sul do Brasil suscitam iniciativas em favor da supera\u00e7\u00e3o da viol\u00eancia e da \u201ccultura de paz\u201d. <\/p>\n<p>Saiba quais s\u00e3o os eventos que ir\u00e3o acontecer neste final de semana:<br \/>Bras\u00edlia (DF)<\/p>\n<p>A arquidiocese de Bras\u00edlia (DF) estima reunir cerca 20 mil pessoas, no domingo, 4, no Eix\u00e3o Norte, via importante da capital federal, para o evento que ter\u00e1 como tema &#8220;Caminhada da Paz: Cuidado da Casa Comum&#8221;, em sintonia com a enc\u00edclica do papa Francisco, Laudato Si&#8217;. A promo\u00e7\u00e3o \u00e9 do Vicariato da A\u00e7\u00e3o Social da arquidiocese em conjunto com a Comiss\u00e3o Justi\u00e7a e Paz, a C\u00e1ritas Brasileira e a Associa\u00e7\u00e3o Nacional de Educa\u00e7\u00e3o Cat\u00f3lica do Distrito Federal (Anec-DF). <\/p>\n<p>Estudantes das escolas cat\u00f3licas refletir\u00e3qo, durante o trajeto, sobre temas como \u201cPreserva\u00e7\u00e3o dos Biomas e de sua vegeta\u00e7\u00e3o\u201d, \u201cSolo\u201d, \u201cSitua\u00e7\u00f5es de viol\u00eancias \u00e9tnicas\u201d, \u201cRela\u00e7\u00f5es humanas e viol\u00eancias\u201d e &#8220;Educa\u00e7\u00e3o e espiritualidade ecol\u00f3gica&#8221;. Tamb\u00e9m ser\u00e1 abordada a situa\u00e7\u00e3o do lix\u00e3o na Cidade Estrutural. Ao final da caminhada, haver\u00e1 ben\u00e7\u00e3o aos animais.<\/p>\n<p style=\"text-align: justify;\">Belo Horizonte (MG)<\/p>\n<p>O evento na arquidiocese de Belo Horizonte (MG) acontecer\u00e1 no s\u00e1bado, 3. A Caminhada pela Paz e Meio Ambiente ser\u00e1 um ato em defesa da vida no planeta, tamb\u00e9m inspirado na enc\u00edclica do papa Francisco Laudato Si\u2019. A iniciativa \u00e9 apoiada por pessoas que defendem a paz e as \u00e1reas verdes da capital mineira. <\/p>\n<p>A concentra\u00e7\u00e3o ser\u00e1 na Tenda Cristo Rei, localizada no Bairro Juliana, onde ser\u00e1 constru\u00edda a nova catedral da arquidiocese. O percurso ser\u00e1 de dois quil\u00f4metros. O evento ser\u00e1 encerrado com uma missa presidida pelo bispo auxiliar de Belo Horizonte, dom Edson Oriolo. No decorrer da programa\u00e7\u00e3o, os jovens ir\u00e3o celebrar o Dia Nacional da Juventude (DNJ).<\/p>\n<p style=\"text-align: justify;\">Palmas (TO)<\/p>\n<p>Na capital do Tocantins, a arquidiocese de Palmas promover\u00e1, no domingo, a 1\u00aa Caminhada Arquidiocesana da Paz, que contar\u00e1 com dois temas. \u201cFelizes os que promovem a Paz\u201d e \u201cSomos da Paz\u201d. A programa\u00e7\u00e3o iniciar\u00e1 \u00e0s 16h30, na Pra\u00e7a dos Girass\u00f3is, pr\u00f3ximo \u00e0 catedral do Divino Esp\u00edrito Santo, e contar\u00e1 com momentos de motiva\u00e7\u00e3o, cantos, leituras b\u00edblicas, ora\u00e7\u00f5es e alongamentos em prepara\u00e7\u00e3o para o percurso.<br \/>Florian\u00f3polis (SC)<\/p>\n<p>As par\u00f3quias da arquidiocese de Florian\u00f3polis (SC) concentrar\u00e3o no pr\u00f3ximo domingo diversas iniciativas para celebra\u00e7\u00e3o do Ano da Paz. V\u00e1rios eventos acontecer\u00e3o no \u00e2mbito arquidiocesano.<\/p>\n<p>No bairro Beira Mar de S\u00e3o Jos\u00e9 acontece o SESI Corridas e Caminhada do Bem, uma parceria da A\u00e7\u00e3o Social Arquidiocesana (ASA) com a Federa\u00e7\u00e3o das Ind\u00fastrias de Santa Catarina (FIESC). As par\u00f3quias da forania de Itaja\u00ed estar\u00e3o reunidas no est\u00e1dio Herc\u00edlio Luz. No Balne\u00e1rio do Estreito, os fi\u00e9is da forania Florianopolis Continente sair\u00e3o em prociss\u00e3o em dire\u00e7\u00e3o ao Parque dos Coqueiros, onde ser\u00e1 celebrada uma missa. Tamb\u00e9m acontecem eventos nas foranias de Brusque e Tijucas.<br \/>Cachoeiro do Itapemirim (ES)<\/p>\n<p>Os fi\u00e9is da diocese de Cachoeiro do Itapemirim (ES) sair\u00e3o das par\u00f3quias em carreatas ou caminhadas em dire\u00e7\u00e3o ao Pavilh\u00e3o de Eventos da Ilha da Luz, onde o bispo local, dom Dario Campos, preside uma missa, que ser\u00e1 concelebrada pelo clero local.<\/p>\n<p style=\"text-align: justify;\"><img decoding=\"async\" src=\"http:\/\/catolicanet.com.br\/images\/stories\/00 mosaico_som.jpg\" border=\"0\" align=\"right\" \/>Campina Grande (PB)<\/p>\n<p>As a\u00e7\u00f5es da diocese de Campina Grande (PB) foram al\u00e9m de um dia. Desde o dia 25 de setembro a Igreja particular vivencia a Semana da Paz, com o objetivo de \u201dmobilizar a sociedade para a\u00e7\u00f5es cotidianas que semeiem a paz entre as pessoas\u201d. O bispo local, dom Manoel Delson, sugeriu aos fi\u00e9is que, juntos, pudessem \u201cacalmar o esp\u00edrito, abrandar o cora\u00e7\u00e3o, repensar as atitudes di\u00e1rias e reafirmar com convic\u00e7\u00e3o que \u2018Somos da Paz\u2019\u201d.<\/p>\n<p>Entre as atividades realizadas e programadas, est\u00e3o b\u00ean\u00e7\u00e3o aos animais, passeio cicl\u00edstico, caminhada, al\u00e9m da programa\u00e7\u00e3o religiosa e social no contexto da Festa de S\u00e3o Francisco, realizada na par\u00f3quia do bairro da Concei\u00e7\u00e3o. Tamb\u00e9m houve um trabalho de divulga\u00e7\u00e3o de ideias nas redes sociais.<\/p>\n<p style=\"text-align: justify;\">Cruz Alta (RS)<\/p>\n<p>As celebra\u00e7\u00f5es do Ano da Paz na diocese de Cruz Alta (RS) acontecem paralelamente com o translado da imagem de Nossa Senhora de F\u00e1tima e a Romaria das Crian\u00e7as. No \u00faltimo domingo, dia 27, centenas de pessoas estiveram nas ruas para a Caminhada pela Paz. De acordo com a diocese, \u201co trajeto proporcionou momentos de f\u00e9 e ora\u00e7\u00e3o para os participantes, onde fam\u00edlias inteiras, em especial as crian\u00e7as, seguiram cantando e rezando a uma s\u00f3 voz\u201d.<\/p>\n<p>Nesta sexta-feira, dia 2, ter\u00e1 in\u00edcio a novena em prepara\u00e7\u00e3o para 64\u00aa Romaria de F\u00e1tima, que acontece no dia 11 de outubro com o tema \u201cCom Maria, formamos comunidade servidora da Vida\u201d e o lema \u201cOuvintes e praticantes da Palavra de Deus\u201d. O evento deve reunir cerca de 180 mil pessoas.<br \/>Ora\u00e7\u00e3o<\/p>\n<p>A CNBB disponibilizou, ainda, a ora\u00e7\u00e3o do Ano da Paz:<br \/>Senhor, dai-nos a vossa paz, ensinai-nos a vossa paz, guiai-nos para a vossa paz.<br \/>Abri nossos olhos e nossos cora\u00e7\u00f5es.<br \/>Dai-nos a coragem de dizer: \u201cnunca mais a viol\u00eancia, nunca mais a guerra\u201d.<br \/>Senhor, Deus de Miseric\u00f3rdia que nos criastes e nos chamais a viver como irm\u00e3os, dai-nos for\u00e7a para sermos cada dia artes\u00e3os da paz.<br \/>Infundi em n\u00f3s a coragem de realizar gestos concretos para construir a paz.<br \/>Dai-nos olhar com benevol\u00eancia todos os irm\u00e3os e as irm\u00e3s que encontrarmos no caminho.<br \/>Tornai-nos dispon\u00edveis para ouvir o grito dos irm\u00e3os e das irm\u00e3s que nos pedem<br \/>para transformar as armas em instrumentos de paz, os medos em confian\u00e7a e as tens\u00f5es em perd\u00e3o. <br \/>Conservai em n\u00f3s a chama da esperan\u00e7a para criarmos, com perseveran\u00e7a, op\u00e7\u00f5es de di\u00e1logo e de reconcilia\u00e7\u00e3o, para que ven\u00e7a finalmente a paz.<br \/>Do cora\u00e7\u00e3o de todo ser humano sejam banidas as palavras: divis\u00e3o, \u00f3dio, viol\u00eancia, guerra!<br \/>Senhor, desarmai nossa l\u00edngua e nossas mentes.<br \/>As palavras &#8220;irm\u00e3o\u201d e &#8220;irm\u00e3\u201d expressem verdadeiramente o encontro fraternal, e o estilo de nossa vida revele que\u00a0 &#8220;Somos da Paz\u201d,\u00a0 &#8220;da Vossa Paz\u201d!<\/p>\n<p>Am\u00e9m<br \/>(Adapta\u00e7\u00e3o da ora\u00e7\u00e3o do papa Francisco no encontro de ora\u00e7\u00e3o com representantes de Israel e Palestina)<\/p>\n<p>Fonte: CNBB <\/p>\n","protected":false},"excerpt":{"rendered":"<p>Igrejas particulares aproveitam sugest\u00e3o do dia de S\u00e3o Francisco de Assis para iniciativas do Ano da Paz. No pr\u00f3ximo domingo, 4 de outubro, a Igreja celebra S\u00e3o Francisco de Assis. A ocasi\u00e3o foi escolhida pelo episcopado brasileiro, durante a 53\u00aa Assembleia Geral da Confer\u00eancia Nacional dos Bispos do Brasil (CNBB), realizada em Aparecida (SP). De [&hellip;]<\/p>\n","protected":false},"author":1,"featured_media":0,"comment_status":"open","ping_status":"open","sticky":false,"template":"","format":"standard","meta":{"footnotes":""},"categories":[4],"tags":[],"class_list":["post-11865","post","type-post","status-publish","format-standard","hentry","category-cotidiano"],"_links":{"self":[{"href":"https:\/\/catolicanet.net\/wp-cnet\/wp-json\/wp\/v2\/posts\/11865","targetHints":{"allow":["GET"]}}],"collection":[{"href":"https:\/\/catolicanet.net\/wp-cnet\/wp-json\/wp\/v2\/posts"}],"about":[{"href":"https:\/\/catolicanet.net\/wp-cnet\/wp-json\/wp\/v2\/types\/post"}],"author":[{"embeddable":true,"href":"https:\/\/catolicanet.net\/wp-cnet\/wp-json\/wp\/v2\/users\/1"}],"replies":[{"embeddable":true,"href":"https:\/\/catolicanet.net\/wp-cnet\/wp-json\/wp\/v2\/comments?post=11865"}],"version-history":[{"count":1,"href":"https:\/\/catolicanet.net\/wp-cnet\/wp-json\/wp\/v2\/posts\/11865\/revisions"}],"predecessor-version":[{"id":26838,"href":"https:\/\/catolicanet.net\/wp-cnet\/wp-json\/wp\/v2\/posts\/11865\/revisions\/26838"}],"wp:attachment":[{"href":"https:\/\/catolicanet.net\/wp-cnet\/wp-json\/wp\/v2\/media?parent=11865"}],"wp:term":[{"taxonomy":"category","embeddable":true,"href":"https:\/\/catolicanet.net\/wp-cnet\/wp-json\/wp\/v2\/categories?post=11865"},{"taxonomy":"post_tag","embeddable":true,"href":"https:\/\/catolicanet.net\/wp-cnet\/wp-json\/wp\/v2\/tags?post=11865"}],"curies":[{"name":"wp","href":"https:\/\/api.w.org\/{rel}","templated":true}]}}