{"id":11858,"date":"2015-10-02T13:43:25","date_gmt":"2015-10-02T16:43:25","guid":{"rendered":"http:\/\/catolicanet.net\/wp-cnet\/2015\/10\/02\/lutemos-pela-vida-contra-o-aborto-pede-bispo-nesta-semana-nacional-da-vida\/"},"modified":"2017-05-31T13:35:53","modified_gmt":"2017-05-31T16:35:53","slug":"lutemos-pela-vida-contra-o-aborto-pede-bispo-nesta-semana-nacional-da-vida","status":"publish","type":"post","link":"https:\/\/catolicanet.net\/wp-cnet\/lutemos-pela-vida-contra-o-aborto-pede-bispo-nesta-semana-nacional-da-vida\/","title":{"rendered":"\u201cLutemos pela vida, contra o aborto\u201d, pede Bispo nesta Semana Nacional da Vida"},"content":{"rendered":"<p style=\"text-align: justify;\"><img decoding=\"async\" src=\"http:\/\/catolicanet.com.br\/images\/stories\/00 contra aborto.jpg\" border=\"0\" align=\"left\" \/>A Igreja no Brasil d\u00e1 in\u00edcio neste 1\u00ba de outubro \u00e0 Semana Nacional da Vida, que se celebra at\u00e9 o dia 7 e \u00e9 encerrada com o Dia do Nascituro, 8 de outubro. Por raz\u00e3o desta data, o Bispo da Administra\u00e7\u00e3o Apost\u00f3lica Pessoal S\u00e3o Jo\u00e3o Maria Vianney (RJ), Dom Fernando Ar\u00eaas Rifan, publicou um artigo no qual recorda que \u201cnascituro, o que est\u00e1 para nascer, \u00e9 o que todos fomos um dia\u201d, e lan\u00e7a um apelo: \u201cLutemos pela vida, contra o aborto\u201d.<\/p>\n<p>A Semana Nacional da Vida e o Dia do Nascituro foram institu\u00eddos na 43\u00aa Assembleia Geral dos Bispos do Brasil, em 2005. A data, conforme indica Dom Rifan em seu artigo, foi escolhida pela proximidade com o dia da Padroeira do Brasil, 12 de outubro.<\/p>\n<p>O t\u00edtulo dado \u00e0 Padroeira do pa\u00eds, explica o Prelado, \u201cao evocar a concep\u00e7\u00e3o, lembra o fruto correspondente: Nossa Senhora da Concei\u00e7\u00e3o Aparecida, M\u00e3e de Deus que se fez homem, Jesus Cristo, nascituro em seu seio, que faz Jo\u00e3o Batista exultar de alegria no ventre de Isabel (Lc 1,39-45)\u201d.<\/p>\n<p>Dom Rifan recorda ainda as palavras do secret\u00e1rio geral da Confer\u00eancia Nacional dos Bispos do Brasil (CNBB), Dom Leonardo Steiner, para sublinhar a import\u00e2ncia desta que, segundo ele, \u00e9 \u201cuma data esquecida\u201d.<\/p>\n<p>\u201cA Semana Nacional da Vida e o Dia do Nascituro s\u00e3o ocasi\u00f5es para que toda a Igreja continue afirmando sua posi\u00e7\u00e3o favor\u00e1vel \u00e0 vida desde o seio materno at\u00e9 o seu fim natural, bem como a dignidade da mulher e a prote\u00e7\u00e3o das crian\u00e7as\u201d, escreve.<\/p>\n<p>Neste ano, a Semana Nacional da Vida tem como tema \u201cO Evangelho da vida: anunciar, celebrar e servir\u201d, inspirado na Enc\u00edclica Evangelium Vitae, de S\u00e3o Jo\u00e3o Paulo II, que completa 20 anos de sua publica\u00e7\u00e3o.<\/p>\n<p>Este documento tamb\u00e9m \u00e9 citado por Dom Rifan para recordar os ensinamentos de S\u00e3o Jo\u00e3o Paulo II sobre a defesa da vida do nascituro, mesmo \u201cdiante da atual banaliza\u00e7\u00e3o da vida e de opini\u00f5es favor\u00e1veis ao aborto\u201d.<\/p>\n<p>Ele transcreve o trecho da Enc\u00edclica que diz: \u201c\u00c9 verdade que, muitas vezes, a op\u00e7\u00e3o de abortar reveste para a m\u00e3e um car\u00e1ter dram\u00e1tico e doloroso: a decis\u00e3o de se desfazer do fruto concebido n\u00e3o \u00e9 tomada por raz\u00f5es puramente ego\u00edstas ou de comodidade, mas porque se quereriam salvaguardar alguns bens importantes como a pr\u00f3pria sa\u00fade ou um n\u00edvel de vida digno para os outros membros da fam\u00edlia. \u00c0s vezes, temem-se para o nascituro condi\u00e7\u00f5es de exist\u00eancia tais que levam a pensar que seria melhor para ele n\u00e3o nascer. Mas essas e outras raz\u00f5es semelhantes, por mais graves e dram\u00e1ticas que sejam, nunca podem justificar a supress\u00e3o deliberada de um ser humano inocente\u201d.<\/p>\n<p>E recorda que o Pont\u00edfice usou a prerrogativa de infalibilidade e definiu: \u201cCom a autoridade que Cristo conferiu a Pedro e aos seus sucessores, em comunh\u00e3o com os Bispos \u2013 que de v\u00e1rias e repetidas formas condenaram o aborto e que&#8230; apesar de dispersos pelo mundo, afirmaram un\u00e2nime consenso sobre esta doutrina \u2013 declaro que o aborto direto, isto \u00e9, querido como fim ou como meio, constitui sempre uma desordem moral grave, enquanto morte deliberada de um ser humano inocente. Tal doutrina est\u00e1 fundada sobre a lei natural e sobre a Palavra de Deus escrita, \u00e9 transmitida pela tradi\u00e7\u00e3o da Igreja e ensinada pelo Magist\u00e9rio ordin\u00e1rio e universal\u201d.<\/p>\n<p>Dom Rifan, ent\u00e3o, convida todos a agradecerem a Deus pelo dom da vida e a renovar o \u201ccompromisso de lutar pela vida daqueles que, como n\u00f3s fomos tamb\u00e9m, ainda n\u00e3o t\u00eam voz, mas que s\u00e3o chamados a um dia agradecerem a Deus por t\u00e3o grande dom\u201d.<\/p>\n<p>Para ajudar na celebra\u00e7\u00e3o e viv\u00eancia da Semana Nacional da Vida, a Comiss\u00e3o para a Vida e a Fam\u00edlia da CNBB e Comiss\u00e3o Nacional da Pastoral Familiar (CNPF) oferecem o subs\u00eddio Hora da Vida. O texto apresenta propostas de encontros, celebra\u00e7\u00f5es, reflex\u00f5es e a\u00e7\u00f5es para todo o ano. Podem ser adaptados \u00e0 realidade local, sendo um guia para momentos de maior comunh\u00e3o das fam\u00edlias na evangeliza\u00e7\u00e3o e transforma\u00e7\u00e3o da sociedade em favor da vida.<\/p>\n<p>\u201cA Semana Nacional da Vida tem a finalidade de nos fazer acordar para este grande dom de Deus que \u00e9 a vida, muitas vezes amea\u00e7ada. Tamb\u00e9m, queremos celebrar o Dia do Nascituro, a vida que vai nascer e precisa ser defendida por todos n\u00f3s\u201d, declarou o Bispo de Osasco (SP) e presidente da Comiss\u00e3o Episcopal Pastoral para a Vida e a Fam\u00edlia da CNBB, Dom Jo\u00e3o Bosco Barbosa de Sousa, ao convidar todos a celebrarem estas datas.<\/p>\n<p style=\"text-align: justify;\">Fonte: Acidigital<\/p>\n","protected":false},"excerpt":{"rendered":"<p>A Igreja no Brasil d\u00e1 in\u00edcio neste 1\u00ba de outubro \u00e0 Semana Nacional da Vida, que se celebra at\u00e9 o dia 7 e \u00e9 encerrada com o Dia do Nascituro, 8 de outubro. Por raz\u00e3o desta data, o Bispo da Administra\u00e7\u00e3o Apost\u00f3lica Pessoal S\u00e3o Jo\u00e3o Maria Vianney (RJ), Dom Fernando Ar\u00eaas Rifan, publicou um artigo [&hellip;]<\/p>\n","protected":false},"author":1,"featured_media":0,"comment_status":"open","ping_status":"open","sticky":false,"template":"","format":"standard","meta":{"footnotes":""},"categories":[4],"tags":[],"class_list":["post-11858","post","type-post","status-publish","format-standard","hentry","category-cotidiano"],"_links":{"self":[{"href":"https:\/\/catolicanet.net\/wp-cnet\/wp-json\/wp\/v2\/posts\/11858","targetHints":{"allow":["GET"]}}],"collection":[{"href":"https:\/\/catolicanet.net\/wp-cnet\/wp-json\/wp\/v2\/posts"}],"about":[{"href":"https:\/\/catolicanet.net\/wp-cnet\/wp-json\/wp\/v2\/types\/post"}],"author":[{"embeddable":true,"href":"https:\/\/catolicanet.net\/wp-cnet\/wp-json\/wp\/v2\/users\/1"}],"replies":[{"embeddable":true,"href":"https:\/\/catolicanet.net\/wp-cnet\/wp-json\/wp\/v2\/comments?post=11858"}],"version-history":[{"count":1,"href":"https:\/\/catolicanet.net\/wp-cnet\/wp-json\/wp\/v2\/posts\/11858\/revisions"}],"predecessor-version":[{"id":26672,"href":"https:\/\/catolicanet.net\/wp-cnet\/wp-json\/wp\/v2\/posts\/11858\/revisions\/26672"}],"wp:attachment":[{"href":"https:\/\/catolicanet.net\/wp-cnet\/wp-json\/wp\/v2\/media?parent=11858"}],"wp:term":[{"taxonomy":"category","embeddable":true,"href":"https:\/\/catolicanet.net\/wp-cnet\/wp-json\/wp\/v2\/categories?post=11858"},{"taxonomy":"post_tag","embeddable":true,"href":"https:\/\/catolicanet.net\/wp-cnet\/wp-json\/wp\/v2\/tags?post=11858"}],"curies":[{"name":"wp","href":"https:\/\/api.w.org\/{rel}","templated":true}]}}