{"id":11857,"date":"2015-10-02T13:38:56","date_gmt":"2015-10-02T16:38:56","guid":{"rendered":"http:\/\/catolicanet.net\/wp-cnet\/2015\/10\/02\/vigilia-sinodo-na-praca-sao-pedro-na-presenca-do-papa\/"},"modified":"2017-06-02T14:37:07","modified_gmt":"2017-06-02T17:37:07","slug":"vigilia-sinodo-na-praca-sao-pedro-na-presenca-do-papa","status":"publish","type":"post","link":"https:\/\/catolicanet.net\/wp-cnet\/vigilia-sinodo-na-praca-sao-pedro-na-presenca-do-papa\/","title":{"rendered":"Vig\u00edlia S\u00ednodo na Pra\u00e7a S\u00e3o Pedro na presen\u00e7a do Papa"},"content":{"rendered":"<p style=\"text-align: justify;\"><img decoding=\"async\" src=\"http:\/\/catolicanet.com.br\/images\/stories\/kossrom63769_articolo.jpg\" border=\"0\" align=\"left\" \/>\u201c\u2019O amor \u00e9 a nossa miss\u00e3o\u2019: do envio dos hist\u00f3ricos dias do Encontro mundial das fam\u00edlias em Filad\u00e9lfia ao pr\u00f3ximo S\u00ednodo, continua forte a consci\u00eancia de que a fam\u00edlia encontra-se no cora\u00e7\u00e3o das aten\u00e7\u00f5es do Papa Francisco e de toda a Igreja. Isto requer do povo das fam\u00edlias do mundo todo um suplemento de ora\u00e7\u00f5es e de proximidade aos padres sinodais. Por isso o convite do Papa Francisco \u00e0s fam\u00edlias para se encontrarem, \u00e0s v\u00e9speras do S\u00ednodo, em ora\u00e7\u00e3o, na Pra\u00e7a S\u00e3o Pedro, neste s\u00e1bado, 3 de outubro\u201d.<\/p>\n<p>\u00c9 o que se l\u00ea em uma nota do F\u00f3rum das Associa\u00e7\u00f5es Familiares italianas. \u201cProfundamente questionados por este convite \u2013 continua o comunicado -, estamos mobilizados para \u2018estarmos presentes\u2019 e para tornar vis\u00edvel esta presen\u00e7a, porque, como recentemente lembrou o Secret\u00e1rio da Confer\u00eancia episcopal italiana, Dom Nunzio Gallantino, \u2018existe a necessidade de fazer ver a beleza da fam\u00edlia. A nossa verdadeira for\u00e7a \u00e9 permanecer fincados na realidade com a consci\u00eancia que a realidade \u00e9 superior \u00e0 ideia: e a realidade \u00e9 a fam\u00edlia\u2019\u201d.<\/p>\n<p>Por isso, as 50 associa\u00e7\u00f5es italianas que comp\u00f5em o F\u00f3rum, os 20 F\u00f3runs regionais e os 100 F\u00f3runs locais, chegar\u00e3o de toda a It\u00e1lia: \u201cEstar\u00e3o no Vaticano com a humildade dos fi\u00e9is, mas tamb\u00e9m com a consci\u00eancia da responsabilidade de representar todas as fam\u00edlias, pedra angular da conviv\u00eancia social\u201d.<\/p>\n<p>A R\u00e1dio Vaticano transmite ao vivo neste s\u00e1bado a Vig\u00edlia de Ora\u00e7\u00e3o e o discurso do Papa \u00e0s fam\u00edlias a partir das 17h30 hora local, 12h30, hora de Bras\u00edlia, com coment\u00e1rios em portugu\u00eas.<\/p>\n<p style=\"text-align: justify;\">Fonte: R\u00e1dio Vaticano<\/p>\n","protected":false},"excerpt":{"rendered":"<p>\u201c\u2019O amor \u00e9 a nossa miss\u00e3o\u2019: do envio dos hist\u00f3ricos dias do Encontro mundial das fam\u00edlias em Filad\u00e9lfia ao pr\u00f3ximo S\u00ednodo, continua forte a consci\u00eancia de que a fam\u00edlia encontra-se no cora\u00e7\u00e3o das aten\u00e7\u00f5es do Papa Francisco e de toda a Igreja. Isto requer do povo das fam\u00edlias do mundo todo um suplemento de ora\u00e7\u00f5es [&hellip;]<\/p>\n","protected":false},"author":1,"featured_media":0,"comment_status":"open","ping_status":"open","sticky":false,"template":"","format":"standard","meta":{"footnotes":""},"categories":[3],"tags":[],"class_list":["post-11857","post","type-post","status-publish","format-standard","hentry","category-vaticano"],"_links":{"self":[{"href":"https:\/\/catolicanet.net\/wp-cnet\/wp-json\/wp\/v2\/posts\/11857","targetHints":{"allow":["GET"]}}],"collection":[{"href":"https:\/\/catolicanet.net\/wp-cnet\/wp-json\/wp\/v2\/posts"}],"about":[{"href":"https:\/\/catolicanet.net\/wp-cnet\/wp-json\/wp\/v2\/types\/post"}],"author":[{"embeddable":true,"href":"https:\/\/catolicanet.net\/wp-cnet\/wp-json\/wp\/v2\/users\/1"}],"replies":[{"embeddable":true,"href":"https:\/\/catolicanet.net\/wp-cnet\/wp-json\/wp\/v2\/comments?post=11857"}],"version-history":[{"count":1,"href":"https:\/\/catolicanet.net\/wp-cnet\/wp-json\/wp\/v2\/posts\/11857\/revisions"}],"predecessor-version":[{"id":28700,"href":"https:\/\/catolicanet.net\/wp-cnet\/wp-json\/wp\/v2\/posts\/11857\/revisions\/28700"}],"wp:attachment":[{"href":"https:\/\/catolicanet.net\/wp-cnet\/wp-json\/wp\/v2\/media?parent=11857"}],"wp:term":[{"taxonomy":"category","embeddable":true,"href":"https:\/\/catolicanet.net\/wp-cnet\/wp-json\/wp\/v2\/categories?post=11857"},{"taxonomy":"post_tag","embeddable":true,"href":"https:\/\/catolicanet.net\/wp-cnet\/wp-json\/wp\/v2\/tags?post=11857"}],"curies":[{"name":"wp","href":"https:\/\/api.w.org\/{rel}","templated":true}]}}