{"id":11855,"date":"2015-10-02T13:13:45","date_gmt":"2015-10-02T16:13:45","guid":{"rendered":"http:\/\/catolicanet.net\/wp-cnet\/2015\/10\/02\/papa-em-santa-marta-o-anjo-da-guarda-e-um-embaixador-de-deus\/"},"modified":"2017-06-02T11:48:08","modified_gmt":"2017-06-02T14:48:08","slug":"papa-em-santa-marta-o-anjo-da-guarda-e-um-embaixador-de-deus","status":"publish","type":"post","link":"https:\/\/catolicanet.net\/wp-cnet\/papa-em-santa-marta-o-anjo-da-guarda-e-um-embaixador-de-deus\/","title":{"rendered":"Papa em Santa Marta: o Anjo da Guarda \u00e9 um embaixador de Deus"},"content":{"rendered":"<p style=\"text-align: justify;\"><img decoding=\"async\" src=\"http:\/\/catolicanet.com.br\/images\/stories\/kossrom69288_articolo.jpg\" border=\"0\" align=\"left\" \/>O Papa Francisco celebrou Missa, na manh\u00e3 desta sexta-feira, na Capela da Casa Santa Marta, no Vaticano, na festa dos Santos Anjos da Guarda, qual participou um grupo de bispos, sacerdotes e leigos.<\/p>\n<p>Em sua breve homilia, o Santo Padre afirmou que \u201cDeus deu a cada pessoa um Anjo da Guarda, para acompanh\u00e1-la, aconselh\u00e1-la e proteg\u00ea-la. Trata-se de um dom da paternidade divina, que tudo ama e tudo acompanha.<\/p>\n<p>Tomando a liturgia do dia, o Papa citou ora\u00e7\u00f5es e salmos que recordam a figura do Anjo da Guarda, que sempre est\u00e1 presente em todas as vicissitudes do homem: \u201cEis que te envio um anjo diante de ti para proteger-te no caminho e levar-te ao lugar que preparei para ti\u201d. E, reafirmando que cada um de n\u00f3s tem um anjo que nos guarda, diz:<\/p>\n<p>\u201cEle est\u00e1 sempre conosco! Esta \u00e8 uma realidade. Ele \u00e9 como um embaixador de Deus em meio a n\u00f3s. Por isso, o Senhor nos aconselha a respeitar a sua presen\u00e7a, a ouvir a sua voz e seus conselhos e jamais a rebelar-nos contra ele\u201d.<\/p>\n<p>O Anjo da Guarda nos defende sempre, sobretudo do mal, assegura o Papa. \u00c0s vezes, pensamos que podemos esconder-lhe tantas coisas feias, mas, no final, elas vir\u00e3o \u00e0 luz. O Anjo est\u00e1 sempre ao nosso lado como um amigo, que n\u00e3o vemos, mas sentimos; um amigo que, um dia, estar\u00e1 conosco no C\u00e9u, na alegria eterna:<\/p>\n<p>\u201cEste respeito e escuta ao nosso companheiro de viagem se chama docilidade! Deus nos pede apenas para ouvi-lo, respeit\u00e1-lo. S\u00f3 isto: escuta e respeito! O crist\u00e3o deve ser d\u00f3cil ao Esp\u00edrito Santo. A docilidade ao Esp\u00edrito Santo come\u00e7a com a docilidade ao nosso companheiro\u201d.<\/p>\n<p>No entanto, recorda o Pont\u00edfice, para sermos d\u00f3ceis ao Esp\u00edrito devemos ser pequenos, como as crian\u00e7as, aquelas que Jesus diz ser \u201cas maiores\u201d no Reino do seu Pai. Logo, o Anjo da Guarda \u00e9 nosso companheiro de viagem, que nos ensina a humildade:<\/p>\n<p>\u201cPe\u00e7amos hoje ao Senhor a gra\u00e7a desta docilidade de dar ouvidos a este nosso companheiro de viagem, deste embaixador divino, que est\u00e1 ao nosso lado, em seu nome, que nos apoia e ajuda\u201d.<\/p>\n<p>Durante esta Missa, com a qual louvamos ao Senhor, conclui o Papa, lembremos quanto o Senhor \u00e9 bom! Quanto ele \u00e9 justo e nunca nos deixa sozinhos, nunca nos abandona!<\/p>\n<p style=\"text-align: justify;\">Fonte: R\u00e1dio Vaticano<\/p>\n","protected":false},"excerpt":{"rendered":"<p>O Papa Francisco celebrou Missa, na manh\u00e3 desta sexta-feira, na Capela da Casa Santa Marta, no Vaticano, na festa dos Santos Anjos da Guarda, qual participou um grupo de bispos, sacerdotes e leigos. Em sua breve homilia, o Santo Padre afirmou que \u201cDeus deu a cada pessoa um Anjo da Guarda, para acompanh\u00e1-la, aconselh\u00e1-la e [&hellip;]<\/p>\n","protected":false},"author":1,"featured_media":0,"comment_status":"open","ping_status":"open","sticky":false,"template":"","format":"standard","meta":{"footnotes":""},"categories":[3],"tags":[],"class_list":["post-11855","post","type-post","status-publish","format-standard","hentry","category-vaticano"],"_links":{"self":[{"href":"https:\/\/catolicanet.net\/wp-cnet\/wp-json\/wp\/v2\/posts\/11855","targetHints":{"allow":["GET"]}}],"collection":[{"href":"https:\/\/catolicanet.net\/wp-cnet\/wp-json\/wp\/v2\/posts"}],"about":[{"href":"https:\/\/catolicanet.net\/wp-cnet\/wp-json\/wp\/v2\/types\/post"}],"author":[{"embeddable":true,"href":"https:\/\/catolicanet.net\/wp-cnet\/wp-json\/wp\/v2\/users\/1"}],"replies":[{"embeddable":true,"href":"https:\/\/catolicanet.net\/wp-cnet\/wp-json\/wp\/v2\/comments?post=11855"}],"version-history":[{"count":1,"href":"https:\/\/catolicanet.net\/wp-cnet\/wp-json\/wp\/v2\/posts\/11855\/revisions"}],"predecessor-version":[{"id":28311,"href":"https:\/\/catolicanet.net\/wp-cnet\/wp-json\/wp\/v2\/posts\/11855\/revisions\/28311"}],"wp:attachment":[{"href":"https:\/\/catolicanet.net\/wp-cnet\/wp-json\/wp\/v2\/media?parent=11855"}],"wp:term":[{"taxonomy":"category","embeddable":true,"href":"https:\/\/catolicanet.net\/wp-cnet\/wp-json\/wp\/v2\/categories?post=11855"},{"taxonomy":"post_tag","embeddable":true,"href":"https:\/\/catolicanet.net\/wp-cnet\/wp-json\/wp\/v2\/tags?post=11855"}],"curies":[{"name":"wp","href":"https:\/\/api.w.org\/{rel}","templated":true}]}}