{"id":11854,"date":"2015-10-02T13:02:51","date_gmt":"2015-10-02T16:02:51","guid":{"rendered":"http:\/\/catolicanet.net\/wp-cnet\/2015\/10\/02\/mes-de-outubro-igreja-se-une-na-campanha-missionaria\/"},"modified":"2017-05-26T16:42:16","modified_gmt":"2017-05-26T19:42:16","slug":"mes-de-outubro-igreja-se-une-na-campanha-missionaria","status":"publish","type":"post","link":"https:\/\/catolicanet.net\/wp-cnet\/mes-de-outubro-igreja-se-une-na-campanha-missionaria\/","title":{"rendered":"M\u00eas de outubro: Igreja se une na Campanha Mission\u00e1ria"},"content":{"rendered":"<p style=\"text-align: justify;\"><img decoding=\"async\" src=\"http:\/\/catolicanet.com.br\/images\/stories\/missao3_cm2015_domesmeraldo_400x265.jpg\" border=\"0\" align=\"left\" \/>O m\u00eas de outubro, institu\u00eddo pelo papa Paulo VI como o M\u00eas Mission\u00e1rio, em 1926, \u00e9 o tempo em que a Igreja no Brasil realiza a mobiliza\u00e7\u00e3o em torno da Campanha Mission\u00e1ria. A iniciativa deste ano prop\u00f5e o tema \u201cMiss\u00e3o \u00e9 servir\u201d, em sintonia com a Campanha da Fraternidade 2015. O lema \u00e9 \u201cQuem quiser ser o primeiro, seja o servo de todos\u201d (Mc 10,44).<\/p>\n<p>O objetivo principal da Campanha Mission\u00e1ria \u00e9 \u201csensibilizar, despertar voca\u00e7\u00f5es mission\u00e1rias, bem como realizar a Coleta no Dia Mundial das Miss\u00f5es\u201d, que ser\u00e1 celebrado no dia 18 de outubro.<\/p>\n<p>Para o bispo auxiliar de S\u00e3o Lu\u00eds (MA) e presidente da Comiss\u00e3o Episcopal Pastoral para a A\u00e7\u00e3o Mission\u00e1ria e Coopera\u00e7\u00e3o Intereclesial da Confer\u00eancia Nacional dos Bispos do Brasil (CNBB), dom Esmeraldo Barreto de Farias, \u00e9 preciso animar as pessoas para que vivam a miss\u00e3o em suas respetivas realidades, n\u00e3o somente no sentido pessoal, como tamb\u00e9m na fam\u00edlia, no ambiente profissional e na comunidade em geral.\u00a0 \u201cN\u00e3o sou eu sozinho a viver a miss\u00e3o, mas sou eu e outros crist\u00e3os, na comunidade da qual participo e com outras comunidades tamb\u00e9m\u201d, afirma. \u201cCada um de n\u00f3s \u00e9 chamado a ser mission\u00e1rio e a viver como mission\u00e1rio e que a miss\u00e3o nos faz mergulhar na vida de Jesus\u201d, diz o bispo.<\/p>\n<p>Segundo o bispo, \u00e9 importante estar atento para as diversas realidades mission\u00e1rias do Brasil, presentes nas periferias das grandes e pequenas cidades, nas diferentes regi\u00f5es do Pa\u00eds. \u201cEm especial, a Campanha Mission\u00e1ria chama a aten\u00e7\u00e3o para a Amaz\u00f4nia, com caracter\u00edsticas muito espec\u00edficas, e necessidade de pessoas e de ajuda econ\u00f4mica para que o trabalho de evangeliza\u00e7\u00e3o possa ser desenvolvido\u201d, ressalta.<\/p>\n<p>A Campanha Mission\u00e1ria \u00e9 organizada pelas Pontif\u00edcias Obras Mission\u00e1rias (POM) com a colabora\u00e7\u00e3o das Comiss\u00f5es para a A\u00e7\u00e3o Mission\u00e1ria e para a Amaz\u00f4nia da CNBB, em conjunto com outros organismos que comp\u00f5em o Conselho Mission\u00e1rio Nacional (Comina).<\/p>\n<p><img decoding=\"async\" src=\"http:\/\/catolicanet.com.br\/images\/stories\/missao_cm2015_400x204.jpg\" border=\"0\" align=\"right\" \/>Reprodu\u00e7\u00e3o\/POMDe acordo com as POM, \u201co tema da Campanha Mission\u00e1ria de 2015 destaca a ess\u00eancia da mensagem de Jesus. Ele veio \u2018para servir\u2019\u201d.<\/p>\n<p style=\"text-align: justify;\">Materiais<\/p>\n<p>Os subs\u00eddios da Campanha Mission\u00e1ria foram preparados pelas POM e enviados para as 275 dioceses e prelazias do Brasil para serem distribu\u00eddos entre as par\u00f3quias e comunidades.<\/p>\n<p>O conjunto de materiais \u00e9 composto por cartaz com o tema e o lema, livrinho da Novena Mission\u00e1ria, um DVD com testemunhos mission\u00e1rios, a mensagem do papa Francisco para o Dia Mundial das Miss\u00f5es, e seis vers\u00f5es de marcadores de p\u00e1gina com a Ora\u00e7\u00e3o da Campanha Mission\u00e1ria com as imagens de Santa Teresinha do Menino Jesus, S\u00e3o Francisco Xavier, Nossa Senhora Aparecida, dom Oscar Romero, Charles de Foucauld e do papa Francisco. Todos os subs\u00eddios est\u00e3o dispon\u00edveis aqui.<\/p>\n<p style=\"text-align: justify;\">Coleta<\/p>\n<p>O Dia Mundial das Miss\u00f5es, que ser\u00e1 celebrado no dia 18 de outubro, pen\u00faltimo domingo do m\u00eas, \u00e9 o \u201cponto alto\u201d da Campanha Mission\u00e1ria, quando \u00e9 feita a coleta.\u00a0 <\/p>\n<p>O diretor nacional das POM, padre Camilo Pauletti, explica que os recursos arrecadados s\u00e3o para ajudar a Igreja em terras de miss\u00e3o. &#8220;S\u00e3o muitas Igrejas, muitos projetos. Mais de 3 mil institui\u00e7\u00f5es s\u00e3o ajudadas por essa coleta\u201d, diz. O sacerdote tamb\u00e9m ressalta o crescimento das doa\u00e7\u00f5es entre 5 e 6%, na compara\u00e7\u00e3o do resultado de 2014 com 2013.<br \/>Com informa\u00e7\u00f5es e fotos das Pontif\u00edcias Obras Mission\u00e1rias<\/p>\n<p style=\"text-align: justify;\">Fonte: CNBB<\/p>\n","protected":false},"excerpt":{"rendered":"<p>O m\u00eas de outubro, institu\u00eddo pelo papa Paulo VI como o M\u00eas Mission\u00e1rio, em 1926, \u00e9 o tempo em que a Igreja no Brasil realiza a mobiliza\u00e7\u00e3o em torno da Campanha Mission\u00e1ria. A iniciativa deste ano prop\u00f5e o tema \u201cMiss\u00e3o \u00e9 servir\u201d, em sintonia com a Campanha da Fraternidade 2015. O lema \u00e9 \u201cQuem quiser [&hellip;]<\/p>\n","protected":false},"author":1,"featured_media":0,"comment_status":"open","ping_status":"open","sticky":false,"template":"","format":"standard","meta":{"footnotes":""},"categories":[7],"tags":[],"class_list":["post-11854","post","type-post","status-publish","format-standard","hentry","category-cnbb"],"_links":{"self":[{"href":"https:\/\/catolicanet.net\/wp-cnet\/wp-json\/wp\/v2\/posts\/11854","targetHints":{"allow":["GET"]}}],"collection":[{"href":"https:\/\/catolicanet.net\/wp-cnet\/wp-json\/wp\/v2\/posts"}],"about":[{"href":"https:\/\/catolicanet.net\/wp-cnet\/wp-json\/wp\/v2\/types\/post"}],"author":[{"embeddable":true,"href":"https:\/\/catolicanet.net\/wp-cnet\/wp-json\/wp\/v2\/users\/1"}],"replies":[{"embeddable":true,"href":"https:\/\/catolicanet.net\/wp-cnet\/wp-json\/wp\/v2\/comments?post=11854"}],"version-history":[{"count":1,"href":"https:\/\/catolicanet.net\/wp-cnet\/wp-json\/wp\/v2\/posts\/11854\/revisions"}],"predecessor-version":[{"id":24072,"href":"https:\/\/catolicanet.net\/wp-cnet\/wp-json\/wp\/v2\/posts\/11854\/revisions\/24072"}],"wp:attachment":[{"href":"https:\/\/catolicanet.net\/wp-cnet\/wp-json\/wp\/v2\/media?parent=11854"}],"wp:term":[{"taxonomy":"category","embeddable":true,"href":"https:\/\/catolicanet.net\/wp-cnet\/wp-json\/wp\/v2\/categories?post=11854"},{"taxonomy":"post_tag","embeddable":true,"href":"https:\/\/catolicanet.net\/wp-cnet\/wp-json\/wp\/v2\/tags?post=11854"}],"curies":[{"name":"wp","href":"https:\/\/api.w.org\/{rel}","templated":true}]}}