{"id":11842,"date":"2015-10-01T12:39:53","date_gmt":"2015-10-01T15:39:53","guid":{"rendered":"http:\/\/catolicanet.net\/wp-cnet\/2015\/10\/01\/o-amor-e-compromisso-indissoluvel\/"},"modified":"2017-05-09T15:51:11","modified_gmt":"2017-05-09T18:51:11","slug":"o-amor-e-compromisso-indissoluvel","status":"publish","type":"post","link":"https:\/\/catolicanet.net\/wp-cnet\/o-amor-e-compromisso-indissoluvel\/","title":{"rendered":"O amor \u00e9 compromisso indissol\u00favel"},"content":{"rendered":"<p style=\"text-align: justify;\">A primeira leitura do vig\u00e9simo s\u00e9timo domingo do Tempo Comum nos recorda como foi o princ\u00edpio de tudo. Conta-nos, de maneira romanceada. Talvez n\u00e3o tenha sido exatamente assim, mas, o mais importante est\u00e1 nessa hist\u00f3ria: um homem e uma mulher se encontraram e reconheceram um ao outro. O olhar n\u00e3o se deteve nos olhos. Chegou ao cora\u00e7\u00e3o. Come\u00e7ou ai uma hist\u00f3ria que chegou at\u00e9 nossos dias. Ambos se sentiram chamados a formar uma s\u00f3 carne \u2013 n\u00e3o apenas em ordem \u00e0 procria\u00e7\u00e3o \u2013 depois, a viverem unidos no amor e, assim, converter-se em sinal do amor com que Deus nos ama.<br \/>Mas, na pr\u00e1tica, n\u00e3o tem sido sempre assim ao longo da hist\u00f3ria. A realidade \u00e9 que o homem tem tratado mal a mulher, muitas vezes. Durante s\u00e9culos, o homem n\u00e3o considerou a mulher como sua igual. No m\u00e1ximo, uma companheira de cama, mas n\u00e3o algu\u00e9m com dignidade para que estivesse no seu mesmo n\u00edvel e com ele pudesse dialogar. O homem se tem sentido como dominador e considerado a mulher como mais um de seus pertences, mas um dos objetos \u00e0 sua disposi\u00e7\u00e3o. Em nossos dias, existem muitos homens ainda, que tratam as mulheres como objetos de prazer ou como escravas que devem manter a casa limpa e a comida pronta, mas \u00e0s quais n\u00e3o \u00e9 permitido decidir sobre nada, nem pensar, nem tomar decis\u00f5es por si mesmas. Isso acontece em muitos pa\u00edses, mas tamb\u00e9m no nosso. Os maus tratos, os abusos, as viola\u00e7\u00f5es s\u00e3o sinais dessa realidade. H\u00e1 muito sofrimento, \u00e0s vezes calado e em sil\u00eancio, entre as mulheres de muitas fam\u00edlias.<br \/>Jesus nos convida a voltar \u00e0 cria\u00e7\u00e3o para que percebamos que, no in\u00edcio, n\u00e3o foi assim. Deus criou homens e mulheres como iguais, s\u00e3o carne da mesma carne. Por isso, a mulher n\u00e3o pode ser mais uma propriedade do homem, da mesma forma que algu\u00e9m tem um carro ou uma casa. Na primeira leitura, vimos como Deus encarrega o homem de por nome nos animais. E o homem o faz, mas se d\u00e1 conta de que n\u00e3o est\u00e3o no seu n\u00edvel. S\u00e3o animais, n\u00e3o pessoas. \u00c9 ao se encontrar com a mulher, criada a partir dele pr\u00f3prio, que ele diz: \u201dEsta, sim, \u00e9 osso dos meus ossos e carne de minha carne!\u201d Na mulher, o homem se reconhece e, no homem, a mulher se reconhece. Ambos necessitam um do outro para gerar filhos, mas tamb\u00e9m para ser felizes, para viver na plenitude do amor para a qual Deus nos chamou.<br \/>Hoje que h\u00e1 tantos div\u00f3rcios, que a fam\u00edlia parece em crise, Jesus nos convida a voltar ao princ\u00edpio, a redescobrir a vontade original de Deus e a tentar torn\u00e1-la realidade em cada uma de nossas fam\u00edlias. Desta forma, cada matrim\u00f4nio, cada fam\u00edlia se converter\u00e1 num sinal do amor com que Deus nos ama a todos. Assim entenderemos que, na fam\u00edlia, a vida se recria diariamente no amor.<\/p>\n","protected":false},"excerpt":{"rendered":"<p>A primeira leitura do vig\u00e9simo s\u00e9timo domingo do Tempo Comum nos recorda como foi o princ\u00edpio de tudo. Conta-nos, de maneira romanceada. Talvez n\u00e3o tenha sido exatamente assim, mas, o mais importante est\u00e1 nessa hist\u00f3ria: um homem e uma mulher se encontraram e reconheceram um ao outro. O olhar n\u00e3o se deteve nos olhos. Chegou [&hellip;]<\/p>\n","protected":false},"author":10,"featured_media":0,"comment_status":"open","ping_status":"open","sticky":false,"template":"","format":"standard","meta":{"footnotes":""},"categories":[9],"tags":[],"class_list":["post-11842","post","type-post","status-publish","format-standard","hentry","category-artigos"],"_links":{"self":[{"href":"https:\/\/catolicanet.net\/wp-cnet\/wp-json\/wp\/v2\/posts\/11842","targetHints":{"allow":["GET"]}}],"collection":[{"href":"https:\/\/catolicanet.net\/wp-cnet\/wp-json\/wp\/v2\/posts"}],"about":[{"href":"https:\/\/catolicanet.net\/wp-cnet\/wp-json\/wp\/v2\/types\/post"}],"author":[{"embeddable":true,"href":"https:\/\/catolicanet.net\/wp-cnet\/wp-json\/wp\/v2\/users\/10"}],"replies":[{"embeddable":true,"href":"https:\/\/catolicanet.net\/wp-cnet\/wp-json\/wp\/v2\/comments?post=11842"}],"version-history":[{"count":1,"href":"https:\/\/catolicanet.net\/wp-cnet\/wp-json\/wp\/v2\/posts\/11842\/revisions"}],"predecessor-version":[{"id":21935,"href":"https:\/\/catolicanet.net\/wp-cnet\/wp-json\/wp\/v2\/posts\/11842\/revisions\/21935"}],"wp:attachment":[{"href":"https:\/\/catolicanet.net\/wp-cnet\/wp-json\/wp\/v2\/media?parent=11842"}],"wp:term":[{"taxonomy":"category","embeddable":true,"href":"https:\/\/catolicanet.net\/wp-cnet\/wp-json\/wp\/v2\/categories?post=11842"},{"taxonomy":"post_tag","embeddable":true,"href":"https:\/\/catolicanet.net\/wp-cnet\/wp-json\/wp\/v2\/tags?post=11842"}],"curies":[{"name":"wp","href":"https:\/\/api.w.org\/{rel}","templated":true}]}}