{"id":11829,"date":"2015-09-30T13:16:27","date_gmt":"2015-09-30T16:16:27","guid":{"rendered":"http:\/\/catolicanet.net\/wp-cnet\/2015\/09\/30\/papa-abencoa-estatua-de-santa-rita-de-seis-metros\/"},"modified":"2017-06-02T11:37:07","modified_gmt":"2017-06-02T14:37:07","slug":"papa-abencoa-estatua-de-santa-rita-de-seis-metros","status":"publish","type":"post","link":"https:\/\/catolicanet.net\/wp-cnet\/papa-abencoa-estatua-de-santa-rita-de-seis-metros\/","title":{"rendered":"Papa aben\u00e7oa est\u00e1tua de Santa Rita de seis metros"},"content":{"rendered":"<p style=\"text-align: justify;\"><img decoding=\"async\" src=\"http:\/\/catolicanet.com.br\/images\/stories\/ansa877576_articolo.jpg\" border=\"0\" align=\"left\" \/>Na Audi\u00eancia Geral desta quarta-feira o Papa Francisco aben\u00e7oou uma imagem de Santa Rita de C\u00e1ssia de seis metros trazida do L\u00edbano e que no dia 18 de outubro ser\u00e1 instalada na entrada da cidade italiana de C\u00e1ssia.<\/p>\n<p>\u201cAo aben\u00e7oar esta grande est\u00e1tua da Santa \u2013 disse o Santo Padre &#8211;\u00a0 convido a todos, no pr\u00f3ximo Jubileu da Miseric\u00f3rdia, a reler sua extraordin\u00e1ria experi\u00eancia humana e espiritual como como sinal da pot\u00eancia da miseric\u00f3rdia de Deus\u201d.<\/p>\n<p>A grande est\u00e1tua foi colocada na Pra\u00e7a S\u00e3o Pedro \u00e0s 5 da manh\u00e3 da ter\u00e7a-feira, 29, e sua remo\u00e7\u00e3o ser\u00e1 realizada na madrugada da quinta-feira, 1\u00ba de outubro. Ap\u00f3s, acompanhada por milhares de fieis, a est\u00e1tua ser\u00e1 instalada em uma rotat\u00f3ria na entrada da cidade de C\u00e1ssia no dia 18 de outubro, de forma a dar as boas vindas aos milhares de peregrinos que visitam anualmente a cidade onde a santa viveu. O Patriarca Maronita Bechara Boutros Ra\u00ef presidir\u00e1 uma celebra\u00e7\u00e3o no Santu\u00e1rio de C\u00e1ssia.<\/p>\n<p>A obra foi realizada em Ayto, no norte do L\u00edbano, pelo famoso escultor liban\u00eas Nayef Alwan, patrocinada pelo mecenas Sarkis Sarkis, muito devoto da santa. O artista trabalhou por meses na obra, baseado em um esbo\u00e7o aprovado em comum acordo com a administra\u00e7\u00e3o e a comunidade agostiniana de C\u00e1ssia, dando forma e vida a um gigantesco bloco de pedra extra\u00eddo das montanhas do L\u00edbano a 2 mil metros de altitude. No in\u00edcio de setembro, a est\u00e1tua foi embalada e embarcada em um navio at\u00e9 o porto italiano de Salerno.<\/p>\n<p>Na tarde desta quarta-feira um grande grupo de peregrinos participar\u00e1 de uma celebra\u00e7\u00e3o na Bas\u00edlica de S\u00e3o Pedro \u00e0s 15h30, presidida pelo Arcebispo de Spoleto-Norcia.<\/p>\n<p style=\"text-align: justify;\">Fonte: R\u00e1dio Vaticano<\/p>\n","protected":false},"excerpt":{"rendered":"<p>Na Audi\u00eancia Geral desta quarta-feira o Papa Francisco aben\u00e7oou uma imagem de Santa Rita de C\u00e1ssia de seis metros trazida do L\u00edbano e que no dia 18 de outubro ser\u00e1 instalada na entrada da cidade italiana de C\u00e1ssia. \u201cAo aben\u00e7oar esta grande est\u00e1tua da Santa \u2013 disse o Santo Padre &#8211;\u00a0 convido a todos, no [&hellip;]<\/p>\n","protected":false},"author":1,"featured_media":0,"comment_status":"open","ping_status":"open","sticky":false,"template":"","format":"standard","meta":{"footnotes":""},"categories":[3],"tags":[],"class_list":["post-11829","post","type-post","status-publish","format-standard","hentry","category-vaticano"],"_links":{"self":[{"href":"https:\/\/catolicanet.net\/wp-cnet\/wp-json\/wp\/v2\/posts\/11829","targetHints":{"allow":["GET"]}}],"collection":[{"href":"https:\/\/catolicanet.net\/wp-cnet\/wp-json\/wp\/v2\/posts"}],"about":[{"href":"https:\/\/catolicanet.net\/wp-cnet\/wp-json\/wp\/v2\/types\/post"}],"author":[{"embeddable":true,"href":"https:\/\/catolicanet.net\/wp-cnet\/wp-json\/wp\/v2\/users\/1"}],"replies":[{"embeddable":true,"href":"https:\/\/catolicanet.net\/wp-cnet\/wp-json\/wp\/v2\/comments?post=11829"}],"version-history":[{"count":1,"href":"https:\/\/catolicanet.net\/wp-cnet\/wp-json\/wp\/v2\/posts\/11829\/revisions"}],"predecessor-version":[{"id":28260,"href":"https:\/\/catolicanet.net\/wp-cnet\/wp-json\/wp\/v2\/posts\/11829\/revisions\/28260"}],"wp:attachment":[{"href":"https:\/\/catolicanet.net\/wp-cnet\/wp-json\/wp\/v2\/media?parent=11829"}],"wp:term":[{"taxonomy":"category","embeddable":true,"href":"https:\/\/catolicanet.net\/wp-cnet\/wp-json\/wp\/v2\/categories?post=11829"},{"taxonomy":"post_tag","embeddable":true,"href":"https:\/\/catolicanet.net\/wp-cnet\/wp-json\/wp\/v2\/tags?post=11829"}],"curies":[{"name":"wp","href":"https:\/\/api.w.org\/{rel}","templated":true}]}}