{"id":11819,"date":"2015-09-28T17:16:53","date_gmt":"2015-09-28T20:16:53","guid":{"rendered":"http:\/\/catolicanet.net\/wp-cnet\/2015\/09\/28\/igreja-pastoral-juvenil-chamada-a-lvincularr-jovens-a-igreja\/"},"modified":"2017-05-31T15:32:50","modified_gmt":"2017-05-31T18:32:50","slug":"igreja-pastoral-juvenil-chamada-a-lvincularr-jovens-a-igreja","status":"publish","type":"post","link":"https:\/\/catolicanet.net\/wp-cnet\/igreja-pastoral-juvenil-chamada-a-lvincularr-jovens-a-igreja\/","title":{"rendered":"Igreja: Pastoral Juvenil chamada a \u00abvincular\u00bb jovens \u00e0 Igreja"},"content":{"rendered":"<p style=\"text-align: justify;\"><img decoding=\"async\" src=\"http:\/\/catolicanet.com.br\/images\/stories\/11707997.jpg\" border=\"0\" align=\"left\" \/>D. Joaquim Mendes, vogal da Comiss\u00e3o Episcopal do Laicado e Fam\u00edlia (CELF), afirmou que o processo de inicia\u00e7\u00e3o crist\u00e3 deve \u201cvincular os jovens\u201d, caso contr\u00e1rio \u00e9 \u201cnecess\u00e1rio rever\u201d esta a\u00e7\u00e3o.<\/p>\n<p>O respons\u00e1vel real\u00e7ou que este acompanhamento est\u00e1 \u201crelacionado tamb\u00e9m com aqueles que acompanham os jovens\u201d, como recordava o Papa aos bispos portugueses durante a visita \u2018ad Limina\u2019, quando falava do \u201ctestemunho do catequista e da comunidade\u201d.<\/p>\n<p>O bispo auxiliar de Lisboa falava \u00e0 Ag\u00eancia ECCLESIA, durante as IV jornadas nacionais da Pastoral Juvenil que decorreram em F\u00e1tima entre sexta-feira e s\u00e1bado, com o tema \u00abO jovem (t)em sa\u00edda \u2013 A miseric\u00f3rdia na pastoral juvenil\u00bb.<\/p>\n<p>O prelado apontou tamb\u00e9m outra dificuldade, porque, \u201co itiner\u00e1rio da inicia\u00e7\u00e3o crist\u00e3 que culmina no crisma coincide com o fim do ensino secund\u00e1rio\u201d.<\/p>\n<p>A \u201cmigra\u00e7\u00e3o dos jovens para os grandes centros\u201d, onde se localizam as universidades, foi outra raz\u00e3o referida por D. Joaquim Mendes.<\/p>\n<p>Consciente destas conting\u00eancias, a Igreja dever\u00e1 \u201crefletir sobre o que prop\u00f5e aos jovens\u201d e tem de \u201ccaminhar com eles\u201d, afirmou o vogal da CELF.<\/p>\n<p>A integra\u00e7\u00e3o dos jovens nas comunidades \u00e9 uma diretiva fundamental, mas para que tal aconte\u00e7a, estas \u201ct\u00eam de se abrir, acolher e gostar de ter jovens\u201d, sublinhou.<\/p>\n<p>J\u00e1 o diretor do Departamento Nacional da Pastoral Juvenil, padre Eduardo Novo, disse que \u201ca vontade de caminhar com os jovens deve estar enraizada na comunidade\u201d.<\/p>\n<p>\u201cSe as palavras movem, os exemplos arrastam\u201d, salientou o sacerdote.<\/p>\n<p>O impulso e o dinamismo dos crist\u00e3os devem ser \u201crasgos evang\u00e9licos para a juventude\u201d porque os jovens \u201cs\u00e3o como um telem\u00f3vel que t\u00eam um potencial enorme\u201d mas se o objeto \u201cperder a carga ou a rede n\u00e3o funciona\u201d.<\/p>\n<p>Fonte: Ag\u00eancia Ecclesia<\/p>\n","protected":false},"excerpt":{"rendered":"<p>D. Joaquim Mendes, vogal da Comiss\u00e3o Episcopal do Laicado e Fam\u00edlia (CELF), afirmou que o processo de inicia\u00e7\u00e3o crist\u00e3 deve \u201cvincular os jovens\u201d, caso contr\u00e1rio \u00e9 \u201cnecess\u00e1rio rever\u201d esta a\u00e7\u00e3o. O respons\u00e1vel real\u00e7ou que este acompanhamento est\u00e1 \u201crelacionado tamb\u00e9m com aqueles que acompanham os jovens\u201d, como recordava o Papa aos bispos portugueses durante a visita [&hellip;]<\/p>\n","protected":false},"author":1,"featured_media":0,"comment_status":"open","ping_status":"open","sticky":false,"template":"","format":"standard","meta":{"footnotes":""},"categories":[4],"tags":[],"class_list":["post-11819","post","type-post","status-publish","format-standard","hentry","category-cotidiano"],"_links":{"self":[{"href":"https:\/\/catolicanet.net\/wp-cnet\/wp-json\/wp\/v2\/posts\/11819","targetHints":{"allow":["GET"]}}],"collection":[{"href":"https:\/\/catolicanet.net\/wp-cnet\/wp-json\/wp\/v2\/posts"}],"about":[{"href":"https:\/\/catolicanet.net\/wp-cnet\/wp-json\/wp\/v2\/types\/post"}],"author":[{"embeddable":true,"href":"https:\/\/catolicanet.net\/wp-cnet\/wp-json\/wp\/v2\/users\/1"}],"replies":[{"embeddable":true,"href":"https:\/\/catolicanet.net\/wp-cnet\/wp-json\/wp\/v2\/comments?post=11819"}],"version-history":[{"count":1,"href":"https:\/\/catolicanet.net\/wp-cnet\/wp-json\/wp\/v2\/posts\/11819\/revisions"}],"predecessor-version":[{"id":26919,"href":"https:\/\/catolicanet.net\/wp-cnet\/wp-json\/wp\/v2\/posts\/11819\/revisions\/26919"}],"wp:attachment":[{"href":"https:\/\/catolicanet.net\/wp-cnet\/wp-json\/wp\/v2\/media?parent=11819"}],"wp:term":[{"taxonomy":"category","embeddable":true,"href":"https:\/\/catolicanet.net\/wp-cnet\/wp-json\/wp\/v2\/categories?post=11819"},{"taxonomy":"post_tag","embeddable":true,"href":"https:\/\/catolicanet.net\/wp-cnet\/wp-json\/wp\/v2\/tags?post=11819"}],"curies":[{"name":"wp","href":"https:\/\/api.w.org\/{rel}","templated":true}]}}