{"id":11817,"date":"2015-09-28T16:51:32","date_gmt":"2015-09-28T19:51:32","guid":{"rendered":"http:\/\/catolicanet.net\/wp-cnet\/2015\/09\/28\/como-amar-e-viver-cada-dia-melhor-a-santa-missa\/"},"modified":"2017-05-31T14:44:20","modified_gmt":"2017-05-31T17:44:20","slug":"como-amar-e-viver-cada-dia-melhor-a-santa-missa","status":"publish","type":"post","link":"https:\/\/catolicanet.net\/wp-cnet\/como-amar-e-viver-cada-dia-melhor-a-santa-missa\/","title":{"rendered":"Como amar e viver cada dia melhor a Santa Missa?"},"content":{"rendered":"<p style=\"text-align: justify;\"><img decoding=\"async\" src=\"http:\/\/catolicanet.com.br\/images\/stories\/missa mais f.png\" border=\"0\" align=\"left\" \/>Voc\u00ea com certeza tem o desejo de participar da Missa com mais f\u00e9, mais amor, mais fruto. Mas como fazer isso na pr\u00e1tica?<\/p>\n<p>Vamos refletir sobre um assunto que tem uma import\u00e2ncia fundamental na vida espiritual: Como amar e viver cada dia melhor a Santa Missa?<\/p>\n<p>Voc\u00ea, com certeza, tem esse desejo: quer participar da Missa com mais f\u00e9, com mais amor, com mais fruto. Pois bem, para isso precisamos perguntar-nos muito sinceramente: Como \u00e9 que eu vejo a Missa? O que a Missa \u00e9 para mim?<br \/>Talvez nos ajude a achar a resposta imaginarmos agora que j\u00e1 foi descoberta a \u00abm\u00e1quina do tempo\u00bb, sobre a qual fantasiam tantos romances e filmes. Ajudado pela m\u00e1quina, voc\u00ea consegue recuar mais de dois mil anos, e de repente se encontra em Jerusal\u00e9m, no ano 33 da nossa era.<\/p>\n<p>Com imensa emo\u00e7\u00e3o, nota que est\u00e1 ocupando um lugar \u00e0 mesa no Cen\u00e1culo, na sala onde Jesus, presente, est\u00e1 instituindo a Sagrada Eucaristia, e ouve suas palavras: Isto \u00e9 o meu corpo, que ser\u00e1 entregue por v\u00f3s; este \u00e9 o c\u00e1lice do meu sangue, que ser\u00e1 derramado por v\u00f3s\u2026\u00bb. Simultaneamente, voc\u00ea se acha no Calv\u00e1rio, junto de Nossa Senhora e de S\u00e3o Jo\u00e3o, ao p\u00e9 da Cruz, e escuta como Jesus diz, pouco antes de morrer: Pai, nas tuas m\u00e3os entrego o meu esp\u00edrito! E ainda, sem intervalo de tempo, voc\u00ea est\u00e1 de novo no Cen\u00e1culo e vibra com os onze Ap\u00f3stolos (Judas j\u00e1 se foi), radiantes de alegria porque acaba de se apresentar ali Jesus vivo, ressuscitado, e lhes mostra \u2013 a voc\u00ea tamb\u00e9m \u2013 as chagas das m\u00e3os e dos p\u00e9s, enquanto lhes diz: N\u00e3o tenham medo, sou eu mesmo!<\/p>\n<p>Visto num filme, lido num grande romance, isso seria fant\u00e1stico. Acontece, por\u00e9m, que n\u00e3o estou falando nem de filme de fic\u00e7\u00e3o cient\u00edfica nem de romance de fantasia. Falo de uma realidade, de uma tremenda e total realidade, que talvez voc\u00ea viveu muitas vezes sem reparar, com os olhos da alma cegos, tapados pelo desconhecimento ou pela fraqueza da f\u00e9. Porque isso, tudo isso de que acabo de falar, acontece de fato, de verdade, todas as vezes que voc\u00ea assiste \u00e0 Santa Missa.<\/p>\n<p>Para que me preparo?<\/p>\n<p>Sei que agora n\u00e3o \u00e9 o momento de lhe dar uma aula sobre a Missa, pois n\u00e3o estamos fazendo um curso de doutrina, mas apenas meditando sobre alguns pontos de vida espiritual. Mas, uma vez que tratamos da prepara\u00e7\u00e3o pr\u00e1tica para a Missa, \u00e9 necess\u00e1rio perguntar-nos: para qu\u00ea me preparo? Como \u00e9 l\u00f3gico, voc\u00ea e eu nos preparar\u00edamos de maneira diferente se f\u00f4ssemos visitar um simples colega, ou se, por hip\u00f3tese, f\u00f4ssemos ter uma entrevista particular com o Papa.<\/p>\n<p>Pois bem, a Missa, como diz um grande te\u00f3logo (Guardini), \u00ab\u00e9 uma Pessoa\u00bb. \u00c9 Jesus, verdadeiro Deus e verdadeiro homem, no ato m\u00e1ximo do seu amor: naqueles momentos em que, como diz S\u00e3o Paulo, se entregou \u2013 morreu \u2013 pelos nossos pecados, e ressuscitou para a nossa santifica\u00e7\u00e3o (cf. Rm 4,25 e 1 Cor 11,26).<\/p>\n<p>N\u00e3o acha que ser\u00e1 \u00fatil rever agora brevemente pontos b\u00e1sicos da nossa f\u00e9 sobre a Missa, a fim de compreender como devemos prepar\u00e1-la?<\/p>\n<p>Leio no Comp\u00eandio do Catecismo da Igreja Cat\u00f3lica que a Eucaristia \u00ab\u00e9 o pr\u00f3prio sacrif\u00edcio do Corpo e Sangue do Senhor Jesus, que ele instituiu para perpetuar pelos s\u00e9culos o sacrif\u00edcio da cruz, confiando assim \u00e0 sua Igreja o memorial da sua morte e ressurrei\u00e7\u00e3o\u00bb (n. 271).<\/p>\n<p>\u00abMemorial\u00bb n\u00e3o quer dizer \u00ablembran\u00e7a\u00bb, mas \u00abpresen\u00e7a\u00bb atual de fatos que aconteceram em outro tempo, e que Deus quer eternizar. Como ensina a Igreja, \u00abtudo o que Cristo fez e sofreu por todos os homens, participa da eternidade divina, e assim transcende todos os tempos e em todos se torna presente\u00bb (Catecismo da Igreja, n. 1085). Por isso, \u00abquando a Igreja celebra a Eucaristia [a Santa Missa], memorial da morte e ressurrei\u00e7\u00e3o do seu Senhor, este acontecimento central de salva\u00e7\u00e3o torna-se realmente presente\u00bb (Jo\u00e3o Paulo II, Enc\u00edclica sobre a Eucaristia, n. 11).<\/p>\n<p>Sendo assim, \u00e9 natural que a Igreja proclame que a Eucaristia \u00e9 \u00abfonte e \u00e1pice de toda a vida crist\u00e3\u00bb, e que \u00abela encerra todo o bem espiritual da Igreja: o mesmo Cristo\u00bb (Comp\u00eandio, n. 274).<\/p>\n<p>Voc\u00ea vai \u00e0 Missa? Ent\u00e3o vai ter num encontro pessoal com Jesus, no momento \u2013 atual! \u2013 em que, como diz S\u00e3o Jo\u00e3o, levou seu amor por n\u00f3s at\u00e9 o fim, at\u00e9 o extremo (Jo 13,1).<\/p>\n<p>Vai \u00e0 Missa? Ent\u00e3o vai ao encontro de Jesus, vivo e real, que o espera, entregando-se agora na cruz por voc\u00ea, dando-se agora a voc\u00ea como alimento de Vida, esperando agora por voc\u00ea com o cora\u00e7\u00e3o cheio da maior loucura de amor que se possa imaginar.<\/p>\n<p>Como preparar-se bem<\/p>\n<p>Ser\u00e1 que todas as vezes que voc\u00ea vai \u00e0 Missa se prepara para \u00abisso\u00bb? N\u00e3o? Ent\u00e3o, tire as consequ\u00eancias.<\/p>\n<p>A primeira e fundamental, segundo me parece, \u00e9 a que exprime o ditado \u00abamor com amor se paga\u00bb. Portanto:<\/p>\n<p>a) Seria terr\u00edvel ir ao encontro de Jesus na Missa e na Comunh\u00e3o com um cora\u00e7\u00e3o que carregasse, sem se importar com isso, ofensas graves contra Deus, pecados mortais n\u00e3o perdoados numa boa confiss\u00e3o. Que falta de amor e de respeito! \u00c9 l\u00f3gico que a Igreja tenha ensinado sempre, sem mudar jamais, o que hoje ensina o Catecismo da Igreja:<\/p>\n<p>\u00abQuem quer receber a Cristo na comunh\u00e3o eucar\u00edstica deve estar em estado de gra\u00e7a. Se algu\u00e9m tem consci\u00eancia de ter pecado mortalmente, n\u00e3o deve comungar a Eucaristia sem ter recebido previamente a absolvi\u00e7\u00e3o no sacramento da penit\u00eancia\u00bb (n. 1415). A Igreja condena o erro dos que dizem que se pode comungar, ainda que se tenha um pecado mortal, desde que a pessoa se arrependa a se proponha a confessar-se depois. N\u00e3o, a confiss\u00e3o \u2013 fora dos casos de grave impossibilidade e necessidade de comungar \u2013 deve ser feita sempre antes de receber a Eucaristia (\u00abnecessidade\u00bb de comungar \u00e9, por exemplo, o caso de perigo de morte; ou a precis\u00e3o de fazer a comunh\u00e3o anual, em circunst\u00e2ncias onde isso s\u00f3 pode ser feito atrav\u00e9s de um leigo ministro da Comunh\u00e3o, por falta de padre).<\/p>\n<p>Depois de esclarecer isso, quero que evite uma poss\u00edvel confus\u00e3o. Quando, infelizmente, uma pessoa n\u00e3o pode comungar por ter algum pecado mortal n\u00e3o confessado, isso n\u00e3o quer dizer que n\u00e3o possa assistir \u00e0 Missa com muito proveito (pense na Missa pelas almas, que \u00e9 de grande proveito para os falecidos, ainda que evidentemente eles n\u00e3o possam comungar). A \u00abnecessidade\u00bb da confiss\u00e3o pr\u00e9via \u00e9 para a Comunh\u00e3o, n\u00e3o para a Missa. Por isso, se tiver a desgra\u00e7a de algum dia n\u00e3o poder comungar, v\u00e1 \u00e0 Missa, n\u00e3o perca esse tesouro! Pe\u00e7a perd\u00e3o a Jesus no cora\u00e7\u00e3o, e confie em que aquela Missa lhe dar\u00e1 uma grande ajuda do C\u00e9u, for\u00e7as para melhorar e capacidade de entender melhor o valor da confiss\u00e3o frequente.<\/p>\n<p>b) Voltemos a pensar \u2013 como v\u00edamos antes \u2013 que a Missa \u00e9 o m\u00e1ximo ato de amor de Cristo, que nela voc\u00ea vai ao encontro de this tremendous lover (esse tremendo amante), como diz o poeta Francis Thompson. Se est\u00e1 convencido disso, sentir\u00e1 naturalmente o desejo de se preparar fazendo, por dentro, muitos atos de contri\u00e7\u00e3o tamb\u00e9m pelos pecados veniais: \u00abPerd\u00e3o, Jesus, por essas faltas que n\u00e3o s\u00e3o mortais, mas s\u00e3o indelicadezas!\u00bb. E far\u00e1 atos de f\u00e9, de esperan\u00e7a e de amor. Antes de ir \u00e0 Missa, medite bem no que vai fazer, reze algumas das preces que os bons livros de ora\u00e7\u00f5es trazem para \u00abantes da Comunh\u00e3o\u00bb.<\/p>\n<p>O melhor mesmo seria fazer, antes da Missa, em casa ou na igreja, uns minutos de ora\u00e7\u00e3o mental. \u00c0s vezes isso ser\u00e1 dif\u00edcil (pois outras pessoas da fam\u00edlia se atrasam, ou voc\u00ea viajou e chega em cima da hora, etc.), mas sempre se pode conseguir um pouco de recolhimento interior e dizer breves ora\u00e7\u00f5es no carro, na condu\u00e7\u00e3o ou andando pela rua.<\/p>\n<p>c) Antes lhe falava da diferente prepara\u00e7\u00e3o que dever\u00edamos fazer conforme f\u00f4ssemos simplesmente encontrar um colega, ou f\u00f4ssemos visitar o Papa. Pois bem, na Missa e na Comunh\u00e3o nos espera, nos acolhe, vem a n\u00f3s, algu\u00e9m infinitamente maior que qualquer outro ser humano, por importante que seja: Jesus, Deus e Homem. Acha l\u00f3gico irmos ao encontro dEle relaxados, usando por comodismo bermuda, camiseta e chinelos; ou, no caso das mulheres, vestindo um tipo de roupa \u2013 ou de escassez de roupa \u2013 que em nenhuma hip\u00f3tese ousariam usar numa visita ao Papa? Ent\u00e3o, repito o que antes lhe dizia: tire as consequ\u00eancias<\/p>\n<p style=\"text-align: justify;\">Fonte: Aleteia<\/p>\n","protected":false},"excerpt":{"rendered":"<p>Voc\u00ea com certeza tem o desejo de participar da Missa com mais f\u00e9, mais amor, mais fruto. Mas como fazer isso na pr\u00e1tica? Vamos refletir sobre um assunto que tem uma import\u00e2ncia fundamental na vida espiritual: Como amar e viver cada dia melhor a Santa Missa? Voc\u00ea, com certeza, tem esse desejo: quer participar da [&hellip;]<\/p>\n","protected":false},"author":1,"featured_media":0,"comment_status":"open","ping_status":"open","sticky":false,"template":"","format":"standard","meta":{"footnotes":""},"categories":[4],"tags":[],"class_list":["post-11817","post","type-post","status-publish","format-standard","hentry","category-cotidiano"],"_links":{"self":[{"href":"https:\/\/catolicanet.net\/wp-cnet\/wp-json\/wp\/v2\/posts\/11817","targetHints":{"allow":["GET"]}}],"collection":[{"href":"https:\/\/catolicanet.net\/wp-cnet\/wp-json\/wp\/v2\/posts"}],"about":[{"href":"https:\/\/catolicanet.net\/wp-cnet\/wp-json\/wp\/v2\/types\/post"}],"author":[{"embeddable":true,"href":"https:\/\/catolicanet.net\/wp-cnet\/wp-json\/wp\/v2\/users\/1"}],"replies":[{"embeddable":true,"href":"https:\/\/catolicanet.net\/wp-cnet\/wp-json\/wp\/v2\/comments?post=11817"}],"version-history":[{"count":1,"href":"https:\/\/catolicanet.net\/wp-cnet\/wp-json\/wp\/v2\/posts\/11817\/revisions"}],"predecessor-version":[{"id":26806,"href":"https:\/\/catolicanet.net\/wp-cnet\/wp-json\/wp\/v2\/posts\/11817\/revisions\/26806"}],"wp:attachment":[{"href":"https:\/\/catolicanet.net\/wp-cnet\/wp-json\/wp\/v2\/media?parent=11817"}],"wp:term":[{"taxonomy":"category","embeddable":true,"href":"https:\/\/catolicanet.net\/wp-cnet\/wp-json\/wp\/v2\/categories?post=11817"},{"taxonomy":"post_tag","embeddable":true,"href":"https:\/\/catolicanet.net\/wp-cnet\/wp-json\/wp\/v2\/tags?post=11817"}],"curies":[{"name":"wp","href":"https:\/\/api.w.org\/{rel}","templated":true}]}}