{"id":11795,"date":"2015-09-25T16:58:49","date_gmt":"2015-09-25T19:58:49","guid":{"rendered":"http:\/\/catolicanet.net\/wp-cnet\/2015\/09\/25\/papa-na-onu-educacao-para-superar-crise-ambiental-e-social\/"},"modified":"2017-06-02T11:58:19","modified_gmt":"2017-06-02T14:58:19","slug":"papa-na-onu-educacao-para-superar-crise-ambiental-e-social","status":"publish","type":"post","link":"https:\/\/catolicanet.net\/wp-cnet\/papa-na-onu-educacao-para-superar-crise-ambiental-e-social\/","title":{"rendered":"Papa na ONU: educa\u00e7\u00e3o para superar crise ambiental e social"},"content":{"rendered":"<p style=\"text-align: justify;\"><img decoding=\"async\" src=\"http:\/\/catolicanet.com.br\/images\/stories\/01 ap3091325_articolo.jpg\" border=\"0\" align=\"left\" \/>Depois do hist\u00f3rico pronunciamento no Congresso dos Estados Unidos, em Washington, esta sexta-feira o Papa Francisco cumpriu mais uma etapa marcante desta sua viagem apost\u00f3lica ao discursar na sede das Na\u00e7\u00f5es Unidas, em Nova Iorque.<\/p>\n<p>Clique para ler o discurso na \u00edntegra<\/p>\n<p>Clique para assistir a um resumo em v\u00eddeo em nosso canal VaticanBR<\/p>\n<p>Diante de mais de 170 chefes de Estado e de governo, do Secret\u00e1rio-Geral da ONU, Ban Ki-moon, o Pont\u00edfice definiu a sua visita como uma continua\u00e7\u00e3o daquelas realizadas por seus predecessores: Paulo VI, Jo\u00e3o Paulo II e Bento XVI.<\/p>\n<p>Francisco reconheceu o esfor\u00e7o das Na\u00e7\u00f5es Unidas em dar uma resposta jur\u00eddica e pol\u00edtica \u00e0s complexas situa\u00e7\u00f5es mundiais. \u201cApesar de serem muitos os problemas graves por resolver, todavia \u00e9 seguro e evidente que, se faltasse toda esta atividade internacional, a humanidade poderia n\u00e3o ter sobrevivido ao uso descontrolado das suas pr\u00f3prias potencialidades\u201d, constatou o Papa.<\/p>\n<p>O Pont\u00edfice falou ainda dos \u00f3rg\u00e3os com capacidade executiva real, como o Conselho de Seguran\u00e7a e Organismos Financeiros Internacionais. Estes, todavia, devem velar pelo desenvolvimento sustent\u00e1vel dos pa\u00edses, e n\u00e3o sufoc\u00e1-los com sistemas de cr\u00e9dito que levam as popula\u00e7\u00f5es a maior pobreza, exclus\u00e3o e depend\u00eancia.<\/p>\n<p>\u201cDar a cada um o que lhe \u00e9 devido, segundo a defini\u00e7\u00e3o cl\u00e1ssica de justi\u00e7a, significa que nenhum indiv\u00edduo ou grupo humano se pode considerar omnipotente, autorizado a pisar a dignidade e os direitos dos outros indiv\u00edduos ou dos grupos sociais.\u201d<\/p>\n<p>Laudato si<\/p>\n<p>Todo o pronunciamento de Francisco foi inspirado nas reflex\u00f5es propostas em sua Enc\u00edclica Laudato si. O Papa refor\u00e7ou dois direitos: o direito \u00e0 exist\u00eancia da natureza e os direitos da pessoa humana.<\/p>\n<p>\u201cQualquer dano ao meio ambiente \u00e9 um dano \u00e0 humanidade. (&#8230;) O abuso e a destrui\u00e7\u00e3o do meio ambiente aparecem associados com um processo ininterrupto de exclus\u00e3o. Na verdade, uma ambi\u00e7\u00e3o ego\u00edsta e ilimitada de poder e bem-estar material leva tanto a abusar dos meios materiais dispon\u00edveis, como a excluir os fracos e os menos h\u00e1beis. A exclus\u00e3o econ\u00f4mica e social \u00e9 uma nega\u00e7\u00e3o total da fraternidade humana e um atentado grav\u00edssimo aos direitos humanos e ao ambiente.\u201d<\/p>\n<p>Cultura do descarte<\/p>\n<p>O Pont\u00edfice recordou que os mais pobres s\u00e3o aqueles que mais sofrem esses ataques: s\u00e3o descartados pela sociedade, obrigados a viver de desperd\u00edcios e sofrer injustamente as consequ\u00eancias do abuso do ambiente.<\/p>\n<p>Como sinais de esperan\u00e7a, o Papa citou a ado\u00e7\u00e3o da \u00abAgenda 2030 para o Desenvolvimento Sustent\u00e1vel\u00bb, que a Assembleia Geral come\u00e7a a debater esta sexta-feira, e a Confer\u00eancia de Paris sobre as altera\u00e7\u00f5es clim\u00e1ticas.<\/p>\n<p>Todavia, advertiu, os compromissos solenemente assumidos n\u00e3o s\u00e3o suficientes. A vontade pol\u00edtica, segundo Francisco, deve ser efetiva, pr\u00e1tica e constante para preservar o meio ambiente e superar fen\u00f4menos como tr\u00e1fico de seres humanos, drogas e armas, explora\u00e7\u00e3o sexual de meninos e meninas, trabalho escravo e terrorismo.<\/p>\n<p>J\u00e1 as v\u00edtimas devem se encontrar em condi\u00e7\u00e3o de serem protagonistas do seu pr\u00f3prio destino. E a chave para faz\u00ea-lo \u00e9 a educa\u00e7\u00e3o de meninos e meninas, que s\u00e3o exclu\u00eddas em alguns lugares.<\/p>\n<p>Francisco ofereceu ainda os indicadores m\u00ednimos para que todos vivam com dignidade. Em n\u00edvel material, s\u00e3o casa, trabalho e terra. Em n\u00edvel espiritual, \u00e9 a liberdade do esp\u00edrito, que inclui a liberdade religiosa, o direito \u00e0 educa\u00e7\u00e3o e os outros direitos civis.<\/p>\n<p>Conflitos<\/p>\n<p>A guerra, acrescentou o Pont\u00edfice, \u00e9 a nega\u00e7\u00e3o de todos os direitos e uma agress\u00e3o dram\u00e1tica ao meio ambiente. A experi\u00eancia destes setenta anos de exist\u00eancia das Na\u00e7\u00f5es Unidas mostram tanto a efic\u00e1cia da plena aplica\u00e7\u00e3o das normas internacionais, como a inefic\u00e1cia da sua inobserv\u00e2ncia. Se respeitada, a Carta das Na\u00e7\u00f5es Unidas produz paz. Mas se aplicada quando conv\u00e9m, abre-se uma verdadeira \u201ccaixa de Pandora\u201d com for\u00e7as incontrol\u00e1veis, que prejudicam seriamente as popula\u00e7\u00f5es inermes, o ambiente cultural e tamb\u00e9m o ambiente biol\u00f3gico.<\/p>\n<p>Francisco condenou a prolifera\u00e7\u00e3o das armas, especialmente as de destrui\u00e7\u00e3o em massa e as armas nucleares, por contradizer o princ\u00edpio pacificador da ONU. A corrida armamentista levaria a institui\u00e7\u00e3o a se chamar \u201cNa\u00e7\u00f5es Unidas pelo medo e a desconfian\u00e7a\u201d. \u201c\u00c9 preciso trabalhar por um mundo sem armas nucleares, aplicando plenamente, na letra e no esp\u00edrito, o Tratado de N\u00e3o-Prolifera\u00e7\u00e3o para se chegar a uma proibi\u00e7\u00e3o total destes instrumentos.\u201d<\/p>\n<p>O Papa renovou seu apelo por uma solu\u00e7\u00e3o pac\u00edfica dos conflitos, principalmente em Ucr\u00e2nia, S\u00edria, Iraque, L\u00edbia, Sud\u00e3o do Sul e na regi\u00e3o dos Grandes Lagos. \u201cAntes dos interesses de parte, existem rostos concretos. Nas guerras e conflitos, existem pessoas, nossos irm\u00e3os e irm\u00e3s, que choram, sofrem e morrem. Seres humanos que se tornam material de descarte, enquanto nada mais se faz sen\u00e3o enumerar problemas, estrat\u00e9gias e discuss\u00f5es.\u201d<\/p>\n<p>Narcotr\u00e1fico<\/p>\n<p>Francisco denunciou ainda a morte silenciosa de milh\u00f5es de pessoas provocada pelo narcotr\u00e1fico. \u201cUma guerra financiada e pobremente combatida. O narcotr\u00e1fico, por sua pr\u00f3pria natureza, \u00e9 acompanhado pelo tr\u00e1fico de pessoas, lavagem de dinheiro, tr\u00e1fico de armas, explora\u00e7\u00e3o infantil e outras formas de corrup\u00e7\u00e3o. Corrup\u00e7\u00e3o que penetrou nos diferentes n\u00edveis da vida social, pol\u00edtica, militar, art\u00edstica e religiosa, gerando, em muitos casos, uma estrutura paralela que p\u00f5e em perigo a credibilidade das nossas institui\u00e7\u00f5es.\u201d<\/p>\n<p>Futuro<\/p>\n<p>Para concluir o seu discurso, o Papa citou Paulo VI, para que as suas palavras sejam uma continua\u00e7\u00e3o do que foi dito na Assembleia 50 anos atr\u00e1s: \u201cEis chegada a hora em que se imp\u00f5e uma pausa, um momento de recolhimento, de reflex\u00e3o, quase de ora\u00e7\u00e3o: pensar de novo na nossa comum origem, na nossa hist\u00f3ria, no nosso destino comum\u201d.<\/p>\n<p>E deixou o seu apelo \u00e0s lideran\u00e7as mundiais: \u201cO tempo presente convida-nos a privilegiar ac\u00f5es que possam gerar novos dinamismos na sociedade e frutifiquem em acontecimentos hist\u00f3ricos importantes e positivos. N\u00e3o podemos permitir-nos o adiamento de \u2018algumas agendas\u2019 para o futuro. O futuro exige-nos decis\u00f5es cr\u00edticas e globais face aos conflitos mundiais que aumentam o n\u00famero dos exclu\u00eddos e necessitados\u201d.<\/p>\n<p style=\"text-align: justify;\">Fonte: R\u00e1dio Vaticano<\/p>\n","protected":false},"excerpt":{"rendered":"<p>Depois do hist\u00f3rico pronunciamento no Congresso dos Estados Unidos, em Washington, esta sexta-feira o Papa Francisco cumpriu mais uma etapa marcante desta sua viagem apost\u00f3lica ao discursar na sede das Na\u00e7\u00f5es Unidas, em Nova Iorque. Clique para ler o discurso na \u00edntegra Clique para assistir a um resumo em v\u00eddeo em nosso canal VaticanBR Diante [&hellip;]<\/p>\n","protected":false},"author":1,"featured_media":0,"comment_status":"open","ping_status":"open","sticky":false,"template":"","format":"standard","meta":{"footnotes":""},"categories":[3],"tags":[],"class_list":["post-11795","post","type-post","status-publish","format-standard","hentry","category-vaticano"],"_links":{"self":[{"href":"https:\/\/catolicanet.net\/wp-cnet\/wp-json\/wp\/v2\/posts\/11795","targetHints":{"allow":["GET"]}}],"collection":[{"href":"https:\/\/catolicanet.net\/wp-cnet\/wp-json\/wp\/v2\/posts"}],"about":[{"href":"https:\/\/catolicanet.net\/wp-cnet\/wp-json\/wp\/v2\/types\/post"}],"author":[{"embeddable":true,"href":"https:\/\/catolicanet.net\/wp-cnet\/wp-json\/wp\/v2\/users\/1"}],"replies":[{"embeddable":true,"href":"https:\/\/catolicanet.net\/wp-cnet\/wp-json\/wp\/v2\/comments?post=11795"}],"version-history":[{"count":1,"href":"https:\/\/catolicanet.net\/wp-cnet\/wp-json\/wp\/v2\/posts\/11795\/revisions"}],"predecessor-version":[{"id":28377,"href":"https:\/\/catolicanet.net\/wp-cnet\/wp-json\/wp\/v2\/posts\/11795\/revisions\/28377"}],"wp:attachment":[{"href":"https:\/\/catolicanet.net\/wp-cnet\/wp-json\/wp\/v2\/media?parent=11795"}],"wp:term":[{"taxonomy":"category","embeddable":true,"href":"https:\/\/catolicanet.net\/wp-cnet\/wp-json\/wp\/v2\/categories?post=11795"},{"taxonomy":"post_tag","embeddable":true,"href":"https:\/\/catolicanet.net\/wp-cnet\/wp-json\/wp\/v2\/tags?post=11795"}],"curies":[{"name":"wp","href":"https:\/\/api.w.org\/{rel}","templated":true}]}}