{"id":11794,"date":"2015-09-25T16:53:40","date_gmt":"2015-09-25T19:53:40","guid":{"rendered":"http:\/\/catolicanet.net\/wp-cnet\/2015\/09\/25\/artigo-teresa-a-andarilha-de-jesus\/"},"modified":"2017-05-09T15:56:25","modified_gmt":"2017-05-09T18:56:25","slug":"artigo-teresa-a-andarilha-de-jesus","status":"publish","type":"post","link":"https:\/\/catolicanet.net\/wp-cnet\/artigo-teresa-a-andarilha-de-jesus\/","title":{"rendered":"Artigo: Teresa, a andarilha de Jesus"},"content":{"rendered":"<p style=\"text-align: justify;\"><img decoding=\"async\" src=\"http:\/\/catolicanet.com.br\/images\/stories\/rv5072_articolo.jpg\" border=\"0\" align=\"left\" \/>Em outubro, encerram-se as celebra\u00e7\u00f5es do quinto centen\u00e1rio do nascimento de Santa Teresa. Esse foi um sinal de mem\u00f3ria e de gratid\u00e3o pelas maravilhas que o Senhor realizou na m\u00edstica de \u00c1vila. Mais: indica que a sua mensagem est\u00e1 viva e \u00e9 capaz, ainda hoje, de suscitar peregrinos no caminho que ela mesma trilhou.<\/p>\n<p>Para Teresa o caminho \u00e9 uma imagem muito querida. Em suas obras, ela recorre mais de seiscentas vezes \u00e0s palavras: \u201ccaminho\u201d e \u201ccaminhar\u201d. Para ela, esses termos t\u00eam duplo sentido: exterior e interior. Caminhamos pelo mundo, no tempo e no espa\u00e7o e percorremos tamb\u00e9m as vias do nosso eu mais profundo, procurando o sentido de ser e existir. Essa imagem reflete o dinamismo do pensamento teresiano. Ela mesma ser\u00e1 chamada, at\u00e9 criticamente, de \u201candarilha\u201d.<\/p>\n<p>Uma contemplativa andarilha? Sim, em Teresa, o paradoxo encontra a s\u00edntese. Ela caminha apressadamente em dire\u00e7\u00e3o ao Senhor, mas n\u00e3o \u00e9 afobada, tem pressa, como fez Maria para ir ao encontro de Isabel. \u00c9 um \u00eaxodo, um sair de si, guiada pelo encontro com o mist\u00e9rio divino que lhe comunicou algo maravilhoso. Nada pode reter essas mulheres de Deus. A M\u00e3e do Senhor corre \u00e0s montanhas da Judeia para levar, no ventre, o Verbo feito carne que seria precedido por Jo\u00e3o Batista. Teresa percorre a Espanha, levando no cora\u00e7\u00e3o o Amigo e Companheiro perfeito, fazendo com que suas filhas, as monjas, se aproximem do Cristo.\u00a0 Enquanto a Virgem Maria era \u201clevada\u201d por Deus e ao mesmo tempo caminhava como crist\u00f3fora, isto \u00e9, carregando Cristo, Santa Teresa tinha consci\u00eancia que n\u00e3o caminhava sozinha. Dizia ela: \u201cCaminhemos juntos, Senhor: andarei onde andares, e por onde fores, irei tamb\u00e9m eu.\u201d (Caminho de Perfei\u00e7\u00e3o 26,6).<\/p>\n<p>O que movia Teresa era um desejo incontido de Deus. Desejo: uma palavra t\u00e3o amb\u00edgua em nossos tempos. H\u00e1 tantos desejos ego\u00edstas, que manipulam os outros, compram sentimentos e pretendem satisfazer a sede de plenitude. Mas nada conseguem e, no final, resta o vazio. Teresa deseja seu Senhor. A etimologia da palavra desejo vem do latim: desideribus, e pode designar de-sideribus, isto \u00e9, al\u00e9m das estrelas, ou o que vem das estrelas; remete ao conceito de transcend\u00eancia. Ir al\u00e9m das estrelas, metaforicamente, \u00e9 encontrar Deus. Teresa caminha para al\u00e9m das estrelas, pois seu desejo est\u00e1 focado no Senhor do caminho, aquele que ela mesma quer atingir. Ela \u201cdeseja\u201d superar todo \u201cdesejo\u201d para encontrar aquele que todo cora\u00e7\u00e3o humano busca, mesmo sem ter consci\u00eancia. Por isso, Teresa coloca-se a caminho, numa estrada at\u00e9 ent\u00e3o desconhecida, e s\u00f3 assim abre acessos novos na busca de Deus. Enquanto ela caminha em busca do Amado, na mesma via ele vai \u00e0 procura de Teresa. Ela \u00e9 a Teresa de Jesus, e ele \u00e9 o Jesus de Teresa.<\/p>\n<p> Dom Leomar Brustolin<\/p>\n<p>Bispo Auxiliar de Porto Alegre<\/p>\n<p style=\"text-align: justify;\">Fonte: Aleteia<\/p>\n","protected":false},"excerpt":{"rendered":"<p>Em outubro, encerram-se as celebra\u00e7\u00f5es do quinto centen\u00e1rio do nascimento de Santa Teresa. Esse foi um sinal de mem\u00f3ria e de gratid\u00e3o pelas maravilhas que o Senhor realizou na m\u00edstica de \u00c1vila. Mais: indica que a sua mensagem est\u00e1 viva e \u00e9 capaz, ainda hoje, de suscitar peregrinos no caminho que ela mesma trilhou. Para [&hellip;]<\/p>\n","protected":false},"author":1,"featured_media":0,"comment_status":"open","ping_status":"open","sticky":false,"template":"","format":"standard","meta":{"footnotes":""},"categories":[9],"tags":[],"class_list":["post-11794","post","type-post","status-publish","format-standard","hentry","category-artigos"],"_links":{"self":[{"href":"https:\/\/catolicanet.net\/wp-cnet\/wp-json\/wp\/v2\/posts\/11794","targetHints":{"allow":["GET"]}}],"collection":[{"href":"https:\/\/catolicanet.net\/wp-cnet\/wp-json\/wp\/v2\/posts"}],"about":[{"href":"https:\/\/catolicanet.net\/wp-cnet\/wp-json\/wp\/v2\/types\/post"}],"author":[{"embeddable":true,"href":"https:\/\/catolicanet.net\/wp-cnet\/wp-json\/wp\/v2\/users\/1"}],"replies":[{"embeddable":true,"href":"https:\/\/catolicanet.net\/wp-cnet\/wp-json\/wp\/v2\/comments?post=11794"}],"version-history":[{"count":1,"href":"https:\/\/catolicanet.net\/wp-cnet\/wp-json\/wp\/v2\/posts\/11794\/revisions"}],"predecessor-version":[{"id":21942,"href":"https:\/\/catolicanet.net\/wp-cnet\/wp-json\/wp\/v2\/posts\/11794\/revisions\/21942"}],"wp:attachment":[{"href":"https:\/\/catolicanet.net\/wp-cnet\/wp-json\/wp\/v2\/media?parent=11794"}],"wp:term":[{"taxonomy":"category","embeddable":true,"href":"https:\/\/catolicanet.net\/wp-cnet\/wp-json\/wp\/v2\/categories?post=11794"},{"taxonomy":"post_tag","embeddable":true,"href":"https:\/\/catolicanet.net\/wp-cnet\/wp-json\/wp\/v2\/tags?post=11794"}],"curies":[{"name":"wp","href":"https:\/\/api.w.org\/{rel}","templated":true}]}}