{"id":11791,"date":"2015-09-25T16:12:29","date_gmt":"2015-09-25T19:12:29","guid":{"rendered":"http:\/\/catolicanet.net\/wp-cnet\/2015\/09\/25\/quatro-individuos-e-quatro-sonhos-o-historico-discurso-de-francisco-no-congresso-dos-eua-se-estruturou-no-exemplo-de-quatro-filhos-da-america\/"},"modified":"2017-05-31T13:34:03","modified_gmt":"2017-05-31T16:34:03","slug":"quatro-individuos-e-quatro-sonhos-o-historico-discurso-de-francisco-no-congresso-dos-eua-se-estruturou-no-exemplo-de-quatro-filhos-da-america","status":"publish","type":"post","link":"https:\/\/catolicanet.net\/wp-cnet\/quatro-individuos-e-quatro-sonhos-o-historico-discurso-de-francisco-no-congresso-dos-eua-se-estruturou-no-exemplo-de-quatro-filhos-da-america\/","title":{"rendered":"\u201cQuatro indiv\u00edduos e quatro sonhos\u201d: o hist\u00f3rico discurso de Francisco no Congresso dos EUA se estruturou no exemplo de \u201cquatro filhos da Am\u00e9rica\u201d"},"content":{"rendered":"<p style=\"text-align: justify;\"><img decoding=\"async\" src=\"http:\/\/catolicanet.com.br\/images\/stories\/4-filhos-da-amc3a9rica.png\" border=\"0\" align=\"left\" \/>Um discurso inspirador, concreto e efusivamente aplaudido pelos deputados e senadores no congresso dos Estados Unidos foi inscrito na hist\u00f3ria pelo papa Francisco, que o estruturou com base no exemplo de \u201csonho e luta\u201d de \u201cquatro filhos da Am\u00e9rica\u201d, ainda capazes de orientar, hoje, a trajet\u00f3ria do povo norte-americano.<\/p>\n<p>Abraham Lincoln: o sonho e a luta por um novo nascimento da liberdade<\/p>\n<p>Sua apaixonada defesa da liberdade \u00e9 um alerta atual em meio \u00e0 \u201cinquietante situa\u00e7\u00e3o social e pol\u00edtica do mundo hoje\u201d, que continua sendo palco de \u201cconflitos violentos, \u00f3dios e atrocidades brutais, cometidos inclusive em nome de Deus e da religi\u00e3o (\u2026) Sabemos que nenhuma religi\u00e3o \u00e9 imune \u00e0s formas de engano individual e de extremismo ideol\u00f3gico (\u2026) Precisamos de um delicado equil\u00edbrio para combater a viol\u00eancia cometida em nome de uma religi\u00e3o, de uma ideologia ou de um sistema econ\u00f4mico, protegendo, ao mesmo tempo, a liberdade religiosa, a liberdade intelectual e as liberdades individuais\u201d.<\/p>\n<p>\u00c9 preciso evitar, para isto, \u201co reducionismo simplista que enxerga apenas bem ou mal, justos e pecadores\u201d. O resultado da polariza\u00e7\u00e3o do mundo, da sociedade e das pessoas \u00e9 a divis\u00e3o: \u201cNa tentativa de nos libertar do inimigo externo, podemos alimentar o inimigo interno (\u2026) Imitar o \u00f3dio e a viol\u00eancia dos tiranos e dos assassinos \u00e9 a melhor maneira de acabar sendo como eles\u201d.<\/p>\n<p>Como agir, ent\u00e3o? Coopera\u00e7\u00e3o: este \u00e9 \u201cum recurso poderoso na batalha para eliminar as novas formas globais de escravid\u00e3o\u201d, causadas por \u201cgraves injusti\u00e7as\u201d que s\u00f3 podem ser vencidas com uma pol\u00edtica \u201ca servi\u00e7o da pessoa humana\u201d e n\u00e3o \u201cda economia e das finan\u00e7as\u201d. \u201cToda atividade pol\u00edtica deve servir e promover o bem da pessoa humana e se basear no respeito pela dignidade de cada um\u201d. \u201cO trabalho legislativo \u00e9 sempre baseado no cuidado das pessoas\u201d.<\/p>\n<p>Martin Luther King: o sonho e a luta pelos direitos civis e pol\u00edticos plenos para todos<\/p>\n<p>Em 1965, Martin Luther King liderou a marcha de 25 mil manifestantes que pediam plenos direitos civis e pol\u00edticos para os norte-americanos negros. \u201cAquele sonho continua nos inspirando\u201d, disse o papa.<\/p>\n<p>\u201cN\u00f3s, os povos deste continente, n\u00e3o temos medo dos estrangeiros, porque muitos de n\u00f3s fomos estrangeiros\u201d. Francisco lembrou que os direitos \u201cdaqueles que estavam aqui muito antes de n\u00f3s\u201d foram pisoteados e avisou que o erro n\u00e3o pode se repetir: as novas gera\u00e7\u00f5es n\u00e3o podem \u201cvirar as costas para o seu pr\u00f3ximo e para tudo o que nos rodeia\u201d.<\/p>\n<p>A \u201ccrise de refugiados de propor\u00e7\u00f5es in\u00e9ditas desde a Segunda Guerra Mundial nos apresenta grandes desafios e muitas decis\u00f5es dif\u00edceis\u201d: o fluxo imenso de pessoas em busca de melhores condi\u00e7\u00f5es de vida n\u00e3o deve nos assustar; temos que \u201cv\u00ea-las como pessoas, olhando para o seu rosto, ouvindo as suas hist\u00f3rias\u201d e respondendo de \u201cmodo justo, humano e fraterno\u201d.<\/p>\n<p>O papa defendeu ent\u00e3o o fim da pena de morte. \u201cEstou convencido de que este \u00e9 o melhor caminho, porque toda vida \u00e9 sagrada, toda pessoa humana tem uma dignidade inalien\u00e1vel e a sociedade s\u00f3 tem a se beneficiar com a reabilita\u00e7\u00e3o dos condenados\u201d.<\/p>\n<p>Dorothy Day: o sonho e a luta pela justi\u00e7a e pela causa dos oprimidos<\/p>\n<p>Ela fundou o Movimento Oper\u00e1rio Cat\u00f3lico e lutou pela inclus\u00e3o social e econ\u00f4mica dos mais vulner\u00e1veis, inspirando o papa Francisco a mencion\u00e1-la como exemplo para se fazer mais e para n\u00e3o se perder, no meio da crise econ\u00f4mica, \u201co esp\u00edrito de solidariedade global\u201d.<\/p>\n<p>A cria\u00e7\u00e3o e distribui\u00e7\u00e3o da riqueza s\u00e3o cruciais para isto, assim como \u201co uso correto dos recursos naturais, a aplica\u00e7\u00e3o adequada da tecnologia e a capacidade de orientar o esp\u00edrito empreendedor\u201d. Igualmente, \u00e9 preciso combater \u201cos efeitos mais graves da degrada\u00e7\u00e3o ambiental provocada pela atividade humana\u201d.<\/p>\n<p>Thomas Merton: o sonho e a luta pela paz entre os povos e religi\u00f5es<\/p>\n<p>Este monge cisterciense foi \u201cuma fonte de inspira\u00e7\u00e3o espiritual e um guia para muitas pessoas\u201d em sua promo\u00e7\u00e3o do di\u00e1logo. Partido do seu exemplo, Francisco elogiou \u201cos esfor\u00e7os dos \u00faltimos meses para superar as diferen\u00e7as hist\u00f3ricas ligadas a dolorosos epis\u00f3dios do passado\u201d.<\/p>\n<p>Em men\u00e7\u00e3o ao embargo contra Cuba, o papa declarou que, \u201cquando na\u00e7\u00f5es em desacordo retomam o caminho do di\u00e1logo, novas oportunidades se abrem para todos (\u2026) O bom l\u00edder pol\u00edtico \u00e9 aquele que, pelo bem de todos, capta o momento com esp\u00edrito de abertura e senso pr\u00e1tico\u201d.<\/p>\n<p>O di\u00e1logo e a causa da paz tamb\u00e9m exigem \u201creduzir e, no longo prazo, acabar com os muitos conflitos armados em todo o mundo\u201d. Com total clareza e indo direto ao ponto, Francisco indagou: \u201cPor que s\u00e3o vendidas armas mortais para quem planeja causar sofrimentos incalcul\u00e1veis a indiv\u00edduos e sociedades?\u201d. E ele mesmo deu a corajosa resposta: \u201cA resposta, como todos n\u00f3s sabemos, \u00e9 simplesmente o dinheiro. Um dinheiro encharcado de sangue, muitas vezes sangue inocente. Diante deste sil\u00eancio vergonhoso e culp\u00e1vel, temos o dever de encarar este problema e dar fim ao com\u00e9rcio de armas\u201d.<\/p>\n<p>Palavras finais<\/p>\n<p>A chave de ouro do discurso do papa Francisco no Congresso dos EUA foi a fam\u00edlia, \u201cessencial na constru\u00e7\u00e3o deste pa\u00eds e merecedora do nosso apoio e incentivo! Mas eu n\u00e3o posso esconder a minha preocupa\u00e7\u00e3o com a fam\u00edlia, amea\u00e7ada hoje, talvez mais do que nunca antes, de dentro e de fora. Rela\u00e7\u00f5es fundamentais est\u00e3o sendo questionadas, assim como a pr\u00f3pria base do matrim\u00f4nio e da fam\u00edlia. Eu s\u00f3 posso voltar a propor a import\u00e2ncia e, principalmente, a riqueza e a beleza da vida familiar\u201d.<\/p>\n<p>Que esses \u201cquatro indiv\u00edduos e quatro sonhos\u201d continuem encorajando os Estados Unidos, exortou Francisco, para que \u201co maior n\u00famero poss\u00edvel de jovens possa herdar e habitar uma terra que inspirou tantas pessoas a sonharem. Deus aben\u00e7oe a Am\u00e9rica!\u201d.<\/p>\n<p style=\"text-align: justify;\">Fonte: Aleteia<\/p>\n","protected":false},"excerpt":{"rendered":"<p>Um discurso inspirador, concreto e efusivamente aplaudido pelos deputados e senadores no congresso dos Estados Unidos foi inscrito na hist\u00f3ria pelo papa Francisco, que o estruturou com base no exemplo de \u201csonho e luta\u201d de \u201cquatro filhos da Am\u00e9rica\u201d, ainda capazes de orientar, hoje, a trajet\u00f3ria do povo norte-americano. Abraham Lincoln: o sonho e a [&hellip;]<\/p>\n","protected":false},"author":1,"featured_media":0,"comment_status":"open","ping_status":"open","sticky":false,"template":"","format":"standard","meta":{"footnotes":""},"categories":[4],"tags":[],"class_list":["post-11791","post","type-post","status-publish","format-standard","hentry","category-cotidiano"],"_links":{"self":[{"href":"https:\/\/catolicanet.net\/wp-cnet\/wp-json\/wp\/v2\/posts\/11791","targetHints":{"allow":["GET"]}}],"collection":[{"href":"https:\/\/catolicanet.net\/wp-cnet\/wp-json\/wp\/v2\/posts"}],"about":[{"href":"https:\/\/catolicanet.net\/wp-cnet\/wp-json\/wp\/v2\/types\/post"}],"author":[{"embeddable":true,"href":"https:\/\/catolicanet.net\/wp-cnet\/wp-json\/wp\/v2\/users\/1"}],"replies":[{"embeddable":true,"href":"https:\/\/catolicanet.net\/wp-cnet\/wp-json\/wp\/v2\/comments?post=11791"}],"version-history":[{"count":1,"href":"https:\/\/catolicanet.net\/wp-cnet\/wp-json\/wp\/v2\/posts\/11791\/revisions"}],"predecessor-version":[{"id":26668,"href":"https:\/\/catolicanet.net\/wp-cnet\/wp-json\/wp\/v2\/posts\/11791\/revisions\/26668"}],"wp:attachment":[{"href":"https:\/\/catolicanet.net\/wp-cnet\/wp-json\/wp\/v2\/media?parent=11791"}],"wp:term":[{"taxonomy":"category","embeddable":true,"href":"https:\/\/catolicanet.net\/wp-cnet\/wp-json\/wp\/v2\/categories?post=11791"},{"taxonomy":"post_tag","embeddable":true,"href":"https:\/\/catolicanet.net\/wp-cnet\/wp-json\/wp\/v2\/tags?post=11791"}],"curies":[{"name":"wp","href":"https:\/\/api.w.org\/{rel}","templated":true}]}}