{"id":11787,"date":"2015-09-25T14:25:48","date_gmt":"2015-09-25T17:25:48","guid":{"rendered":"http:\/\/catolicanet.net\/wp-cnet\/2015\/09\/25\/urgencias-da-acao-evangelizadora-orientarao-projetos-no-regional-sul-4\/"},"modified":"2017-05-26T16:31:14","modified_gmt":"2017-05-26T19:31:14","slug":"urgencias-da-acao-evangelizadora-orientarao-projetos-no-regional-sul-4","status":"publish","type":"post","link":"https:\/\/catolicanet.net\/wp-cnet\/urgencias-da-acao-evangelizadora-orientarao-projetos-no-regional-sul-4\/","title":{"rendered":"Urg\u00eancias da A\u00e7\u00e3o Evangelizadora orientar\u00e3o projetos no regional Sul 4"},"content":{"rendered":"<p style=\"text-align: justify;\"><img decoding=\"async\" src=\"http:\/\/catolicanet.com.br\/images\/stories\/sul4_assembleiaregional300x200.jpg\" border=\"0\" align=\"left\" \/>As cinco urg\u00eancias indicadas pelas Diretrizes Gerais da A\u00e7\u00e3o Evangelizadora da Igreja no Brasil (DGAE), atualizadas durante a 53\u00aa Assembleia Geral da Confer\u00eancia Nacional dos Bispos do Brasil (CNBB), em abril deste ano, foram incorporadas aos projetos aprovados na Assembleia Regional de Pastoral do regional Sul 4 da CNBB, realizada dias 18 e 19 de setembro.<\/p>\n<p>Do evento, participaram cerca de 80 delegados, entre membros do Conselho Episcopal Regional (Conser), das coordena\u00e7\u00f5es diocesanas de pastoral, servi\u00e7os, organismos e movimentos eclesiais. As fun\u00e7\u00f5es de maior destaque da Assembleia s\u00e3o celebrar, estudar e avaliar a caminhada do regional e propor atividades e planos pastorais.<\/p>\n<p>Em rela\u00e7\u00e3o \u00e0 urg\u00eancia \u201cIgreja em estado permanente de miss\u00e3o\u201d, o Sul 4 ir\u00e1 promover a forma\u00e7\u00e3o de articuladores diocesanos das Miss\u00f5es Populares por meio de semin\u00e1rios, cursos e oficinas; animar a Semana de Ora\u00e7\u00e3o pela Unidade Crist\u00e3; promover forma\u00e7\u00e3o dos agentes diocesanos da Inf\u00e2ncia Mission\u00e1ria, entre outras a\u00e7\u00f5es.<\/p>\n<p>O regional tamb\u00e9m decidiu assumir a catequese de inspira\u00e7\u00e3o catecumenal \u00e0 luz do Itiner\u00e1rio da CNBB, na urg\u00eancia \u201cIgreja: casa de inicia\u00e7\u00e3o \u00e0 vida crist\u00e3\u201d. Al\u00e9m disso, promover\u00e1 iniciativas como o Diret\u00f3rio de Piedade Popular e realizar\u00e1 um encontro regional dos santu\u00e1rios.<\/p>\n<p>Para responder \u00e0 urg\u00eancia: \u201cIgreja: lugar de anima\u00e7\u00e3o b\u00edblica da vida e da pastoral\u201d,\u00a0 o regional motivar\u00e1 a ades\u00e3o das dioceses ao projeto Lecionautas; publicar\u00e1 reflex\u00f5es b\u00edblicas da liturgia di\u00e1ria e indicar\u00e1 fontes para estudo e aprofundamento da Palavra de Deus, entre outros projetos.<\/p>\n<p>Quanto \u00e0 \u201cIgreja: Comunidade de Comunidades\u201d, incluir\u00e1 a manuten\u00e7\u00e3o da reflex\u00e3o sobre a import\u00e2ncia da miseric\u00f3rdia e acolhida nas comunidades e a organiza\u00e7\u00e3o da coordena\u00e7\u00e3o regional para a Pastoral do D\u00edzimo. A promo\u00e7\u00e3o das voca\u00e7\u00f5es para o servi\u00e7o \u00e0 comunidade eclesial e social deve ser intensificada. <\/p>\n<p>A\u00e7\u00f5es relacionadas \u00e0 urg\u00eancia \u201cIgreja a servi\u00e7o da vida plena para todos e todas\u201d incluem o apoio \u00e0s comunidades ind\u00edgenas e quilombolas, de pescadores e caboclos, na conquista e defesa de seus direitos; a cria\u00e7\u00e3o da Pastoral do Migrante no regional; al\u00e9m do estabelecimento de um canal de di\u00e1logo junto aos formadores de opini\u00e3o, entre outros.<\/p>\n<p>Todas essas propostas ser\u00e3o coordenadas por organiza\u00e7\u00f5es do regional, de acordo com seus mandatos. <br \/>Com informa\u00e7\u00f5es e foto do regional Sul 4<\/p>\n<p> Fonte: CNBB<\/p>\n","protected":false},"excerpt":{"rendered":"<p>As cinco urg\u00eancias indicadas pelas Diretrizes Gerais da A\u00e7\u00e3o Evangelizadora da Igreja no Brasil (DGAE), atualizadas durante a 53\u00aa Assembleia Geral da Confer\u00eancia Nacional dos Bispos do Brasil (CNBB), em abril deste ano, foram incorporadas aos projetos aprovados na Assembleia Regional de Pastoral do regional Sul 4 da CNBB, realizada dias 18 e 19 de [&hellip;]<\/p>\n","protected":false},"author":1,"featured_media":0,"comment_status":"open","ping_status":"open","sticky":false,"template":"","format":"standard","meta":{"footnotes":""},"categories":[7],"tags":[],"class_list":["post-11787","post","type-post","status-publish","format-standard","hentry","category-cnbb"],"_links":{"self":[{"href":"https:\/\/catolicanet.net\/wp-cnet\/wp-json\/wp\/v2\/posts\/11787","targetHints":{"allow":["GET"]}}],"collection":[{"href":"https:\/\/catolicanet.net\/wp-cnet\/wp-json\/wp\/v2\/posts"}],"about":[{"href":"https:\/\/catolicanet.net\/wp-cnet\/wp-json\/wp\/v2\/types\/post"}],"author":[{"embeddable":true,"href":"https:\/\/catolicanet.net\/wp-cnet\/wp-json\/wp\/v2\/users\/1"}],"replies":[{"embeddable":true,"href":"https:\/\/catolicanet.net\/wp-cnet\/wp-json\/wp\/v2\/comments?post=11787"}],"version-history":[{"count":1,"href":"https:\/\/catolicanet.net\/wp-cnet\/wp-json\/wp\/v2\/posts\/11787\/revisions"}],"predecessor-version":[{"id":24025,"href":"https:\/\/catolicanet.net\/wp-cnet\/wp-json\/wp\/v2\/posts\/11787\/revisions\/24025"}],"wp:attachment":[{"href":"https:\/\/catolicanet.net\/wp-cnet\/wp-json\/wp\/v2\/media?parent=11787"}],"wp:term":[{"taxonomy":"category","embeddable":true,"href":"https:\/\/catolicanet.net\/wp-cnet\/wp-json\/wp\/v2\/categories?post=11787"},{"taxonomy":"post_tag","embeddable":true,"href":"https:\/\/catolicanet.net\/wp-cnet\/wp-json\/wp\/v2\/tags?post=11787"}],"curies":[{"name":"wp","href":"https:\/\/api.w.org\/{rel}","templated":true}]}}