{"id":11785,"date":"2015-09-25T13:51:20","date_gmt":"2015-09-25T16:51:20","guid":{"rendered":"http:\/\/catolicanet.net\/wp-cnet\/2015\/09\/25\/diocese-de-picos-celebra-40-anos-e-recebe-visita-do-nuncio-apostolico\/"},"modified":"2017-05-26T16:47:14","modified_gmt":"2017-05-26T19:47:14","slug":"diocese-de-picos-celebra-40-anos-e-recebe-visita-do-nuncio-apostolico","status":"publish","type":"post","link":"https:\/\/catolicanet.net\/wp-cnet\/diocese-de-picos-celebra-40-anos-e-recebe-visita-do-nuncio-apostolico\/","title":{"rendered":"Diocese de Picos celebra 40 anos e recebe visita do n\u00fancio apost\u00f3lico"},"content":{"rendered":"<p style=\"text-align: justify;\"> <img decoding=\"async\" src=\"http:\/\/catolicanet.com.br\/images\/stories\/picos_nunap5_350.jpg\" border=\"0\" align=\"left\" \/>Dom Giovanni D&#8217;Aniello teve encontro com o clero, agentes de pastorais e participou de celebra\u00e7\u00f5es<\/p>\n<p>Durante o encerramento do Jubileu de 40 anos de instala\u00e7\u00e3o, a diocese de Picos (PI) recebeu o n\u00fancio apost\u00f3lico no Brasil, dom Giovanni D\u2019Aniello. A visita aconteceu entre os dias 20 e 22 de setembro, com uma pauta de encontros com o clero, leigos, jovens, moradores de rua e religiosas, al\u00e9m de celebra\u00e7\u00f5es com os fi\u00e9is. Na segunda-feira, 21, dom Giovanni presidiu missa com tr\u00eas ordena\u00e7\u00f5es sacerdotais.<\/p>\n<p>A visita iniciou no domingo, 20. O n\u00fancio apost\u00f3lico no Brasil conduziu a b\u00ean\u00e7\u00e3o da nova resid\u00eancia episcopal, constru\u00edda no bairro Ema\u00fas, em Picos. Ap\u00f3s almo\u00e7o com o clero, dom Giovanni acompanhou o bispo local, dom Pl\u00ednio Jos\u00e9 Luz da Silva, no bairro Morada do Sol, onde teve encontro com moradores de rua. Na ocasi\u00e3o, a equipe de apoio ao povo da rua apresentou o trabalho realizado na diocese. Ainda no domingo, foi recebido por fam\u00edlias da regi\u00e3o.<\/p>\n<p>Entre as atividades do primeiro dia de visita, houve um encontro com jovens da diocese. Durante o evento, ocorrido na igreja Cristo Rei, foram apresentados os hist\u00f3ricos da diocese, da par\u00f3quia da regi\u00e3o e do trabalho da juventude em Picos. Do n\u00fancio apost\u00f3lico, os jovens ouviram o chamado \u201cIde e fazei disc\u00edpulos a todas as gentes\u201d, recordando o papa Francisco durante a Jornada Mundial da Juventude (JMJ), em 2013.<\/p>\n<p>No final do dia, houve celebra\u00e7\u00e3o eucar\u00edstica em um campo de futebol. De acordo com informa\u00e7\u00f5es da diocese, milhares de pessoas participaram da missa.<\/p>\n<p>O segundo dia da visita do n\u00fancio apost\u00f3lico teve na pauta encontros com o clero, leigos e religiosas. <\/p>\n<p><img decoding=\"async\" src=\"http:\/\/catolicanet.com.br\/images\/stories\/00picos_nunap3_350x232.jpg\" border=\"0\" align=\"right\" \/>O clero diocesano foi orientado a \u201creafirmar a vontade de servir \u00e0 Igreja, em comunh\u00e3o com os pastores\u201d. Ap\u00f3s o encontro com os padres, dom Giovanni D\u2019Aniello recebeu os leigos que atuam nas atividades pastorais na catedral Nossa Senhora dos Rem\u00e9dios.\u00a0 Ao falar aos presentes, o representante da Santa S\u00e9 no Brasil salientou que \u201cningu\u00e9m consegue trabalhar sozinho e voc\u00eas leigos s\u00e3o o bra\u00e7o direito dos padres\u201d.<\/p>\n<p>Depois dos dois encontros, com o clero e com os leigos, a comitiva da diocese seguiu para a antiga casa episcopal. No local, que foi aben\u00e7oado durante a visita, ir\u00e1 funcionar o Centro de Pastoral Diocesano, destinado a encontros e reuni\u00f5es das pastorais.<\/p>\n<p>O n\u00fancio tamb\u00e9m visitou o Instituto Monsenhor Hip\u00f3lito, uma escola dirigida pelas irm\u00e3s Cordimarianas. Dom Giovanni foi acolhido por professores e alunos e seguiu para um momento com corpo docente e discente, e logo ap\u00f3s se reuniu para um momento com as religiosas. <\/p>\n<p>Finalizando as atividades do segundo dia de visita e do Jubileu em comemora\u00e7\u00e3o aos 40 anos de instala\u00e7\u00e3o da diocese, dom Giovanni presidiu uma missa concelebrada por bispos dos regionais Nordeste 4 e Nordeste 2 da Confer\u00eancia Nacional dos Bispos do Brasil (CNBB) e do clero local. A celebra\u00e7\u00e3o, que aconteceu na pra\u00e7a Justino Luz, tamb\u00e9m marcou a ordena\u00e7\u00e3o sacerdotal dos di\u00e1conos Ant\u00f4nio Ismael de Holanda, Edivaldo dos Santos Silva e Marcos Roberto Vieira.<\/p>\n<p>Dom Giovanni expressou a satisfa\u00e7\u00e3o em participar das celebra\u00e7\u00f5es de encerramento do jubileu. \u201cQuando eu voltar a Roma e encontrar o Santo Padre, direi todas as coisas boas que vi por aqui. Diante de um caminho curto, foi feito muita coisa nesta diocese e n\u00e3o tem nada melhor do que celebrar um anivers\u00e1rio vendo os filhos ao redor do altar. Que estes 40 anos n\u00e3o sejam um ponto de chegada, mas um ponto de partida\u201d, afirmou.<\/p>\n<p>Dom Pl\u00ednio Luz explicou sobre os passos significativos da proposta do Ano Jubilar, que fez mem\u00f3ria, celebrou e comprometeu-se na perseveran\u00e7a do seguimento de Jesus. \u201cEstamos concluindo um ano de festa, trabalhamos o tempo todo incansavelmente para a realiza\u00e7\u00e3o desses 40 anos. Esperamos que o jubileu revigore em cada um de n\u00f3s, o amor mission\u00e1rio, fazendo com que todas as pessoas se sintam envolvidas na Igreja\u201d, disse o bispo.<\/p>\n<p style=\"text-align: justify;\">Fazenda Esperan\u00e7a<\/p>\n<p>O \u00faltimo dia da visita do n\u00fancio apost\u00f3lico \u00e0 diocese de Picos teve como principal compromisso uma celebra\u00e7\u00e3o eucar\u00edstica na Fazenda Esperan\u00e7a Nossa Senhora dos Rem\u00e9dios.<\/p>\n<p style=\"text-align: justify;\">Hist\u00f3rico<\/p>\n<p>A diocese de Picos foi criada no dia 28 de outubro de 1974, pela bula \u201cNeminem Latet\u201d, do papa Paulo VI, desmembrada da diocese de Oeiras (PI). A instala\u00e7\u00e3o ocorreu em 21 de setembro de 1975. Na data, tomou posse seu primeiro bispo, dom Augusto Alves da Rocha, que esteve \u00e0 frente da Igreja particular at\u00e9 2001, quando foi transferido para a diocese de Oeiras-Floriano. No per\u00edodo de vac\u00e2ncia, a diocese foi administrada pelo padre Francisco Bezerra Neto. Em 31 de janeiro de 2004, tomou posse o segundo bispo diocesano, dom Pl\u00ednio Jos\u00e9 Luz da Silva. <\/p>\n<p>Atualmente, a diocese de Picos conta com 18 par\u00f3quias e uma \u00e1rea pastoral.<br \/>Com informa\u00e7\u00f5es e foto da diocese de Picos (PI)<\/p>\n<p> Fonte: CNBB<\/p>\n","protected":false},"excerpt":{"rendered":"<p>Dom Giovanni D&#8217;Aniello teve encontro com o clero, agentes de pastorais e participou de celebra\u00e7\u00f5es Durante o encerramento do Jubileu de 40 anos de instala\u00e7\u00e3o, a diocese de Picos (PI) recebeu o n\u00fancio apost\u00f3lico no Brasil, dom Giovanni D\u2019Aniello. A visita aconteceu entre os dias 20 e 22 de setembro, com uma pauta de encontros [&hellip;]<\/p>\n","protected":false},"author":1,"featured_media":0,"comment_status":"open","ping_status":"open","sticky":false,"template":"","format":"standard","meta":{"footnotes":""},"categories":[7],"tags":[],"class_list":["post-11785","post","type-post","status-publish","format-standard","hentry","category-cnbb"],"_links":{"self":[{"href":"https:\/\/catolicanet.net\/wp-cnet\/wp-json\/wp\/v2\/posts\/11785","targetHints":{"allow":["GET"]}}],"collection":[{"href":"https:\/\/catolicanet.net\/wp-cnet\/wp-json\/wp\/v2\/posts"}],"about":[{"href":"https:\/\/catolicanet.net\/wp-cnet\/wp-json\/wp\/v2\/types\/post"}],"author":[{"embeddable":true,"href":"https:\/\/catolicanet.net\/wp-cnet\/wp-json\/wp\/v2\/users\/1"}],"replies":[{"embeddable":true,"href":"https:\/\/catolicanet.net\/wp-cnet\/wp-json\/wp\/v2\/comments?post=11785"}],"version-history":[{"count":1,"href":"https:\/\/catolicanet.net\/wp-cnet\/wp-json\/wp\/v2\/posts\/11785\/revisions"}],"predecessor-version":[{"id":24089,"href":"https:\/\/catolicanet.net\/wp-cnet\/wp-json\/wp\/v2\/posts\/11785\/revisions\/24089"}],"wp:attachment":[{"href":"https:\/\/catolicanet.net\/wp-cnet\/wp-json\/wp\/v2\/media?parent=11785"}],"wp:term":[{"taxonomy":"category","embeddable":true,"href":"https:\/\/catolicanet.net\/wp-cnet\/wp-json\/wp\/v2\/categories?post=11785"},{"taxonomy":"post_tag","embeddable":true,"href":"https:\/\/catolicanet.net\/wp-cnet\/wp-json\/wp\/v2\/tags?post=11785"}],"curies":[{"name":"wp","href":"https:\/\/api.w.org\/{rel}","templated":true}]}}