{"id":11784,"date":"2015-09-25T13:44:08","date_gmt":"2015-09-25T16:44:08","guid":{"rendered":"http:\/\/catolicanet.net\/wp-cnet\/2015\/09\/25\/regional-sul-2-realiza-36o-assembleia-do-povo-de-deus\/"},"modified":"2017-05-26T16:33:44","modified_gmt":"2017-05-26T19:33:44","slug":"regional-sul-2-realiza-36o-assembleia-do-povo-de-deus","status":"publish","type":"post","link":"https:\/\/catolicanet.net\/wp-cnet\/regional-sul-2-realiza-36o-assembleia-do-povo-de-deus\/","title":{"rendered":"Regional Sul 2 realiza 36\u00aa Assembleia do Povo de Deus"},"content":{"rendered":"<p style=\"text-align: justify;\">Encontro planeja aplica\u00e7\u00e3o das Diretrizes em \u00e2mbito regional<\/p>\n<p>Bispos, padres, coordenadores de pastorais, movimentos e organismos do regional Sul 2 da Confer\u00eancia Nacional dos Bispos do Brasil (CNBB) re\u00fanem-se, em Curitiba (PR), entre os dias 25 e 27 de setembro, para a 36\u00aa Assembleia do Povo de Deus. O encontro ter\u00e1 como tema a aprova\u00e7\u00e3o as diretrizes regionais para o quadri\u00eanio 2015-2019.<\/p>\n<p>Ap\u00f3s a aprova\u00e7\u00e3o das Diretrizes Gerais da A\u00e7\u00e3o Evangelizadora da Igreja no Brasil (DGAE), durante a 53\u00aa Assembleia Geral da CNBB, em abril, foi publicado o Documento 102 da Confer\u00eancia, com as diretrizes, urg\u00eancias e perspectivas de a\u00e7\u00e3o relacionadas ao trabalho eclesial em todo o Brasil. <\/p>\n<p>No \u00e2mbito dos regionais, o documento apresenta, em seus anexos,\u00a0 indica\u00e7\u00f5es de operacionaliza\u00e7\u00e3o das diretrizes com caminhos para as urg\u00eancias serem colocadas em pr\u00e1tica, como apoio na constru\u00e7\u00e3o dos planos pastorais.<\/p>\n<p>\u201cEnuclearemos as tend\u00eancias pastorais, reafirmando dessa forma as Diretrizes Gerais\u201d, explica o secret\u00e1rio executivo do regional Sul 2 da CNBB, padre M\u00e1rio Spaki. De acordo com sacerdote, reuni\u00f5es pr\u00e9vias apontaram algumas urg\u00eancias ao regional, como a implanta\u00e7\u00e3o do diaconato permanente em todas as dioceses e arquidioceses e o fortalecimento da Leitura Orante da B\u00edblia e das Pastorais da Comunica\u00e7\u00e3o, da Pessoa Idosa, Familiar e do D\u00edzimo.<\/p>\n<p>A assembleia reunir\u00e1 cerca de 150 pessoas, contando com os bispos, arcebispos e bispos das eparquias Ucranianas.<\/p>\n<p style=\"text-align: justify;\"><img decoding=\"async\" src=\"http:\/\/catolicanet.com.br\/images\/stories\/dom_geremias_350x232.jpg\" border=\"0\" align=\"left\" \/>Programa\u00e7\u00e3o<\/p>\n<p>Divulga\u00e7\u00e3o\/CNBB Sul 2Na manh\u00e3 de hoje, 25, o episcopado do Paran\u00e1 ter\u00e1 uma reuni\u00e3o. \u00c0 tarde, uma celebra\u00e7\u00e3o eucar\u00edstica d\u00e1 in\u00edcio \u00e0s atividades, com a participa\u00e7\u00e3o de todos os membros do encontro. O bispo de Paranava\u00ed e vice-presidente do regional, dom Geremias Steinmetz, far\u00e1 uma exposi\u00e7\u00e3o sobre as DGAE 2015-2019.<\/p>\n<p>Ainda na sexta-feira, os participantes far\u00e3o a organiza\u00e7\u00e3o do calend\u00e1rio de atividades de 2016. No s\u00e1bado, ser\u00e3o debatidos os \u201cpontos de a\u00e7\u00e3o evangelizadora e as tend\u00eancias pastorais da Igreja no Paran\u00e1\u201d. A aprova\u00e7\u00e3o das diretrizes regionais est\u00e1 prevista para domingo.<\/p>\n<p style=\"text-align: justify;\">A\u00e7\u00e3o<\/p>\n<p>Durante a assembleia, o regional far\u00e1 o lan\u00e7amento da a\u00e7\u00e3o \u201c20 mil B\u00edblias para a \u00c1frica\u201d, com o objetivo de levar a Palavra de Deus para Guin\u00e9 Bissau, onde o regional mant\u00e9m uma Miss\u00e3o Cat\u00f3lica.<br \/>Com informa\u00e7\u00f5es e foto do regional Sul 2 da CNBB<br \/>Fonte: CNBB<\/p>\n","protected":false},"excerpt":{"rendered":"<p>Encontro planeja aplica\u00e7\u00e3o das Diretrizes em \u00e2mbito regional Bispos, padres, coordenadores de pastorais, movimentos e organismos do regional Sul 2 da Confer\u00eancia Nacional dos Bispos do Brasil (CNBB) re\u00fanem-se, em Curitiba (PR), entre os dias 25 e 27 de setembro, para a 36\u00aa Assembleia do Povo de Deus. O encontro ter\u00e1 como tema a aprova\u00e7\u00e3o [&hellip;]<\/p>\n","protected":false},"author":1,"featured_media":0,"comment_status":"open","ping_status":"open","sticky":false,"template":"","format":"standard","meta":{"footnotes":""},"categories":[7],"tags":[],"class_list":["post-11784","post","type-post","status-publish","format-standard","hentry","category-cnbb"],"_links":{"self":[{"href":"https:\/\/catolicanet.net\/wp-cnet\/wp-json\/wp\/v2\/posts\/11784","targetHints":{"allow":["GET"]}}],"collection":[{"href":"https:\/\/catolicanet.net\/wp-cnet\/wp-json\/wp\/v2\/posts"}],"about":[{"href":"https:\/\/catolicanet.net\/wp-cnet\/wp-json\/wp\/v2\/types\/post"}],"author":[{"embeddable":true,"href":"https:\/\/catolicanet.net\/wp-cnet\/wp-json\/wp\/v2\/users\/1"}],"replies":[{"embeddable":true,"href":"https:\/\/catolicanet.net\/wp-cnet\/wp-json\/wp\/v2\/comments?post=11784"}],"version-history":[{"count":1,"href":"https:\/\/catolicanet.net\/wp-cnet\/wp-json\/wp\/v2\/posts\/11784\/revisions"}],"predecessor-version":[{"id":24033,"href":"https:\/\/catolicanet.net\/wp-cnet\/wp-json\/wp\/v2\/posts\/11784\/revisions\/24033"}],"wp:attachment":[{"href":"https:\/\/catolicanet.net\/wp-cnet\/wp-json\/wp\/v2\/media?parent=11784"}],"wp:term":[{"taxonomy":"category","embeddable":true,"href":"https:\/\/catolicanet.net\/wp-cnet\/wp-json\/wp\/v2\/categories?post=11784"},{"taxonomy":"post_tag","embeddable":true,"href":"https:\/\/catolicanet.net\/wp-cnet\/wp-json\/wp\/v2\/tags?post=11784"}],"curies":[{"name":"wp","href":"https:\/\/api.w.org\/{rel}","templated":true}]}}