{"id":11775,"date":"2015-09-24T17:21:53","date_gmt":"2015-09-24T20:21:53","guid":{"rendered":"http:\/\/catolicanet.net\/wp-cnet\/2015\/09\/24\/lideres-cristaos-e-muculmanos-pedem-fim-da-violencia-anticrista-no-oriente-medio\/"},"modified":"2017-05-31T15:46:42","modified_gmt":"2017-05-31T18:46:42","slug":"lideres-cristaos-e-muculmanos-pedem-fim-da-violencia-anticrista-no-oriente-medio","status":"publish","type":"post","link":"https:\/\/catolicanet.net\/wp-cnet\/lideres-cristaos-e-muculmanos-pedem-fim-da-violencia-anticrista-no-oriente-medio\/","title":{"rendered":"L\u00edderes crist\u00e3os e mu\u00e7ulmanos pedem fim da viol\u00eancia anticrist\u00e3 no Oriente M\u00e9dio"},"content":{"rendered":"<p style=\"text-align: justify;\"><img decoding=\"async\" src=\"http:\/\/catolicanet.com.br\/images\/stories\/001 crucifijomanos_pixabaydominiopublico_220915.jpg\" border=\"0\" align=\"left\" \/>No dia 3 de setembro, l\u00edderes crist\u00e3os e mu\u00e7ulmanos do Oriente M\u00e9dio assinaram uma declara\u00e7\u00e3o para \u201ca liberta\u00e7\u00e3o de todos os ref\u00e9ns, os civis sequestrados e os l\u00edderes religiosos\u201d assim como \u201co retorno seguro dos deslocados e dos refugiados \u00e0s suas casas e propriedades\u201d.<\/p>\n<p>Reunidos em Atenas (Gr\u00e9cia), a convite do Patriarca Ecum\u00eanico Bartolomeu I, com o tema \u201cUnidos contra a viol\u00eancia em nome da religi\u00e3o\u201d, os participantes realizaram uma declara\u00e7\u00e3o conjunta \u201ca unanimidade de favorecer todas as iniciativas e as a\u00e7\u00f5es que ajudem nos direitos \u00e0 cidadania de todos os povos, crist\u00e3os, mu\u00e7ulmanos e de outros grupos religiosos e etnias no Oriente M\u00e9dio\u201d.<\/p>\n<p>A declara\u00e7\u00e3o foi realizada como protesto devido a persegui\u00e7\u00e3o religiosa dos crist\u00e3os e outras minorias em pa\u00edses como S\u00edria e Iraque, onde o conhecido Estado Isl\u00e2mico difunde o terror assassinando e pisoteando os direitos fundamentais da popula\u00e7\u00e3o.<\/p>\n<p>Os l\u00edderes mu\u00e7ulmanos e crist\u00e3os denunciam por meio do texto os \u201catos cru\u00e9is destes violentos extremistas\u201d derivados de \u201cideias totalmente incompat\u00edveis com nossas culturas e nossa hist\u00f3ria comum\u201d contra \u201cos aut\u00eanticos ensinamentos religiosos\u201d.<\/p>\n<p>\u201cEstes crimes destroem a comunh\u00e3o entre seguidores de diversas religi\u00f5es e seguidores da mesma f\u00e9\u201d. Em contraposi\u00e7\u00e3o, \u201cnossas religi\u00f5es pedem a paz e a conviv\u00eancia\u201d, asseguram.<\/p>\n<p>A mensagem tamb\u00e9m manifesta que \u201ctodo patrim\u00f4nio religioso e cultural \u00e9 um tesouro insubstitu\u00edvel e parte integrante da cultura \u00e1rabe e do Oriente M\u00e9dio, enraizada em sua hist\u00f3ria, a qual contribui a vitalidade e a diversidade destas comunidades\u201d.<\/p>\n<p>Os l\u00edderes dizem que querem comprometer-se a \u201ctrabalhar juntos para construir ativamente a paz com a justi\u00e7a e fazer tudo o que for poss\u00edvel\u201d a fim de que os perseguidos \u201cpossam viver em liberdade e dignidade no Oriente M\u00e9dio, como cidad\u00e3os de pleno direito\u201d.<\/p>\n<p>E finalmente, fizeram um apelo renovado aos l\u00edderes religiosos e pol\u00edticos, assim como a sociedade civil, a tomarem uma posi\u00e7\u00e3o radical contra o crescente extremismo violento e o terrorismo que amea\u00e7am s\u00e9culos de conviv\u00eancia pac\u00edfica no Oriente M\u00e9dio\u201d.<\/p>\n<p>Entre os participantes deste encontro, contaram com a presen\u00e7a do Secret\u00e1rio do Pontif\u00edcio Conselho para o Di\u00e1logo Inter-religioso, Miguel \u00c1ngel Ayuso Guixot.<\/p>\n<p style=\"text-align: justify;\">Fonte: Acidigital<\/p>\n","protected":false},"excerpt":{"rendered":"<p>No dia 3 de setembro, l\u00edderes crist\u00e3os e mu\u00e7ulmanos do Oriente M\u00e9dio assinaram uma declara\u00e7\u00e3o para \u201ca liberta\u00e7\u00e3o de todos os ref\u00e9ns, os civis sequestrados e os l\u00edderes religiosos\u201d assim como \u201co retorno seguro dos deslocados e dos refugiados \u00e0s suas casas e propriedades\u201d. Reunidos em Atenas (Gr\u00e9cia), a convite do Patriarca Ecum\u00eanico Bartolomeu I, [&hellip;]<\/p>\n","protected":false},"author":1,"featured_media":0,"comment_status":"open","ping_status":"open","sticky":false,"template":"","format":"standard","meta":{"footnotes":""},"categories":[4],"tags":[],"class_list":["post-11775","post","type-post","status-publish","format-standard","hentry","category-cotidiano"],"_links":{"self":[{"href":"https:\/\/catolicanet.net\/wp-cnet\/wp-json\/wp\/v2\/posts\/11775","targetHints":{"allow":["GET"]}}],"collection":[{"href":"https:\/\/catolicanet.net\/wp-cnet\/wp-json\/wp\/v2\/posts"}],"about":[{"href":"https:\/\/catolicanet.net\/wp-cnet\/wp-json\/wp\/v2\/types\/post"}],"author":[{"embeddable":true,"href":"https:\/\/catolicanet.net\/wp-cnet\/wp-json\/wp\/v2\/users\/1"}],"replies":[{"embeddable":true,"href":"https:\/\/catolicanet.net\/wp-cnet\/wp-json\/wp\/v2\/comments?post=11775"}],"version-history":[{"count":1,"href":"https:\/\/catolicanet.net\/wp-cnet\/wp-json\/wp\/v2\/posts\/11775\/revisions"}],"predecessor-version":[{"id":26948,"href":"https:\/\/catolicanet.net\/wp-cnet\/wp-json\/wp\/v2\/posts\/11775\/revisions\/26948"}],"wp:attachment":[{"href":"https:\/\/catolicanet.net\/wp-cnet\/wp-json\/wp\/v2\/media?parent=11775"}],"wp:term":[{"taxonomy":"category","embeddable":true,"href":"https:\/\/catolicanet.net\/wp-cnet\/wp-json\/wp\/v2\/categories?post=11775"},{"taxonomy":"post_tag","embeddable":true,"href":"https:\/\/catolicanet.net\/wp-cnet\/wp-json\/wp\/v2\/tags?post=11775"}],"curies":[{"name":"wp","href":"https:\/\/api.w.org\/{rel}","templated":true}]}}