{"id":11771,"date":"2015-09-24T16:44:02","date_gmt":"2015-09-24T19:44:02","guid":{"rendered":"http:\/\/catolicanet.net\/wp-cnet\/2015\/09\/24\/francisco-faz-pronunciamento-historico-no-congresso-dos-eua\/"},"modified":"2017-06-02T10:35:32","modified_gmt":"2017-06-02T13:35:32","slug":"francisco-faz-pronunciamento-historico-no-congresso-dos-eua","status":"publish","type":"post","link":"https:\/\/catolicanet.net\/wp-cnet\/francisco-faz-pronunciamento-historico-no-congresso-dos-eua\/","title":{"rendered":"Francisco faz pronunciamento hist\u00f3rico no Congresso dos EUA"},"content":{"rendered":"<p style=\"text-align: justify;\"><img decoding=\"async\" src=\"http:\/\/catolicanet.com.br\/images\/stories\/afp4555400_articolo.jpg\" border=\"0\" align=\"left\" \/>No Congresso dos Estados Unidos, em Washington, o Papa pronunciou esta quinta-feira (24\/09) um de seus mais importantes discursos desta 10\u00aa viagem apost\u00f3lica internacional.<\/p>\n<p>Tratou-se de uma visita in\u00e9dita, pois Francisco \u00e9 o primeiro Pont\u00edfice a dirigir-se aos membros do Senado e da C\u00e2mara estadunidenses. Por representarem a na\u00e7\u00e3o, o pronunciamento do Papa aos pol\u00edticos constitui um \u201cdi\u00e1logo\u201d com todo o povo dos Estados Unidos, enredado a partir de quatro personalidades que marcaram a hist\u00f3ria do pa\u00eds: Abraham Lincoln, Martin Luther King, Dorothy Day e Thomas Merton.<\/p>\n<p>Liberdade<\/p>\n<p>Citando o \u201cguardi\u00e3o da liberdade\u201d, Abraham Lincoln, Francisco advertiu para dois perigos que assolam o mundo: o fundamentalismo e o reducionismo simplista.<\/p>\n<p>Quanto ao fundamentalismo, o Papa afirmou que esta pode ser inclusive religiosa e pediu \u201cequil\u00edbrio\u201d para se combater a viol\u00eancia perpetrada em nome de uma religi\u00e3o, de uma ideologia ou de um sistema econ\u00f4mico. J\u00e1 o reducionismo simplista divide o mundo em dois polos: o bem e mal, ou justos e pecadores. \u201cSabemos que, na \u00e2nsia de nos libertar do inimigo externo, podemos ser tentados a alimentar o inimigo interno. Imitar o \u00f3dio e a viol\u00eancia dos tiranos e dos assassinos \u00e9 o modo melhor para ocupar o seu lugar.\u201d<\/p>\n<p>Francisco prop\u00f5e coragem e intelig\u00eancia para se resolver as muitas crises econ\u00f4micas e geopol\u00edticas de hoje, em que os pa\u00edses desenvolvidos tamb\u00e9m sentem as consequ\u00eancias. Para estar a servi\u00e7o da pessoa, recordou, a pol\u00edtica n\u00e3o pode se submeter \u00e0 economia e \u00e0 finan\u00e7a.<\/p>\n<p>Imigra\u00e7\u00e3o<\/p>\n<p>A luta de Martin Luther King por plenos direitos para os afro-americanos levou o Papa a falar dos imigrantes. \u201cAquele sonho continua a inspirar-nos\u201d, disse Francisco, citando a maior \u201ccrise de refugiados\u201d desde os tempos da II Guerra Mundial.<\/p>\n<p>\u201cTamb\u00e9m neste continente, milhares de pessoas sentem-se impelidas a viajar para o Norte \u00e0 procura de melhores oportunidades. Porventura n\u00e3o \u00e9 o que quer\u00edamos para os nossos filhos? N\u00e3o devemos deixar-nos assustar pelo seu n\u00famero, mas antes olh\u00e1-los como pessoas, procurando responder o melhor que pudermos \u00e0s suas situa\u00e7\u00f5es\u201d, ressaltou o Pont\u00edfice, reafirmando o valor da regra de ouro: \u00abO que quiserdes que vos fa\u00e7am os homens, fazei-o tamb\u00e9m a eles\u00bb (Mt 7, 12).\u201d<\/p>\n<p>Pena de morte<\/p>\n<p>\u201cSe queremos seguran\u00e7a, demos seguran\u00e7a; se queremos vida, demos vida; se queremos oportunidades, providenciemos oportunidades. A medida que usarmos para os outros ser\u00e1 a medida que o tempo usar\u00e1 para conosco.\u201d Para Francisco, isso vale tamb\u00e9m para a pena de morte, cuja aboli\u00e7\u00e3o representa a melhor via.<\/p>\n<p>\u201cRecentemente, os meus irm\u00e3os bispos aqui nos Estados Unidos renovaram o seu apelo pela aboli\u00e7\u00e3o da pena de morte. N\u00e3o s\u00f3 os apoio, mas encorajo tamb\u00e9m todos aqueles que est\u00e3o convencidos de que uma puni\u00e7\u00e3o justa e necess\u00e1ria nunca deve excluir a dimens\u00e3o da esperan\u00e7a e o objetivo da reabilita\u00e7\u00e3o.\u201d<\/p>\n<p>Pobreza e degrada\u00e7\u00e3o ambiental<\/p>\n<p style=\"text-align: justify;\">Fonte: R\u00e1dio Vaticano<\/p>\n","protected":false},"excerpt":{"rendered":"<p>No Congresso dos Estados Unidos, em Washington, o Papa pronunciou esta quinta-feira (24\/09) um de seus mais importantes discursos desta 10\u00aa viagem apost\u00f3lica internacional. Tratou-se de uma visita in\u00e9dita, pois Francisco \u00e9 o primeiro Pont\u00edfice a dirigir-se aos membros do Senado e da C\u00e2mara estadunidenses. Por representarem a na\u00e7\u00e3o, o pronunciamento do Papa aos pol\u00edticos [&hellip;]<\/p>\n","protected":false},"author":1,"featured_media":0,"comment_status":"open","ping_status":"open","sticky":false,"template":"","format":"standard","meta":{"footnotes":""},"categories":[3],"tags":[],"class_list":["post-11771","post","type-post","status-publish","format-standard","hentry","category-vaticano"],"_links":{"self":[{"href":"https:\/\/catolicanet.net\/wp-cnet\/wp-json\/wp\/v2\/posts\/11771","targetHints":{"allow":["GET"]}}],"collection":[{"href":"https:\/\/catolicanet.net\/wp-cnet\/wp-json\/wp\/v2\/posts"}],"about":[{"href":"https:\/\/catolicanet.net\/wp-cnet\/wp-json\/wp\/v2\/types\/post"}],"author":[{"embeddable":true,"href":"https:\/\/catolicanet.net\/wp-cnet\/wp-json\/wp\/v2\/users\/1"}],"replies":[{"embeddable":true,"href":"https:\/\/catolicanet.net\/wp-cnet\/wp-json\/wp\/v2\/comments?post=11771"}],"version-history":[{"count":1,"href":"https:\/\/catolicanet.net\/wp-cnet\/wp-json\/wp\/v2\/posts\/11771\/revisions"}],"predecessor-version":[{"id":27967,"href":"https:\/\/catolicanet.net\/wp-cnet\/wp-json\/wp\/v2\/posts\/11771\/revisions\/27967"}],"wp:attachment":[{"href":"https:\/\/catolicanet.net\/wp-cnet\/wp-json\/wp\/v2\/media?parent=11771"}],"wp:term":[{"taxonomy":"category","embeddable":true,"href":"https:\/\/catolicanet.net\/wp-cnet\/wp-json\/wp\/v2\/categories?post=11771"},{"taxonomy":"post_tag","embeddable":true,"href":"https:\/\/catolicanet.net\/wp-cnet\/wp-json\/wp\/v2\/tags?post=11771"}],"curies":[{"name":"wp","href":"https:\/\/api.w.org\/{rel}","templated":true}]}}