{"id":11769,"date":"2015-09-24T16:24:44","date_gmt":"2015-09-24T19:24:44","guid":{"rendered":"http:\/\/catolicanet.net\/wp-cnet\/2015\/09\/24\/arquidiocese-de-olinda-e-recife-construira-fazenda-da-esperanca\/"},"modified":"2017-05-29T09:33:19","modified_gmt":"2017-05-29T12:33:19","slug":"arquidiocese-de-olinda-e-recife-construira-fazenda-da-esperanca","status":"publish","type":"post","link":"https:\/\/catolicanet.net\/wp-cnet\/arquidiocese-de-olinda-e-recife-construira-fazenda-da-esperanca\/","title":{"rendered":"Arquidiocese de Olinda e Recife construir\u00e1 Fazenda da Esperan\u00e7a"},"content":{"rendered":"<p style=\"text-align: justify;\"><img decoding=\"async\" src=\"http:\/\/catolicanet.com.br\/images\/stories\/olindaerecife_pedrafazenda2225x300.jpg\" border=\"0\" align=\"left\" \/> Em cerim\u00f4nia, dom Saburido implantou pedra fundamental da Fazenda Esperan\u00e7a na arquidiocese<\/p>\n<p>Autoridades civis e religiosas participaram da cerim\u00f4nia em que foi implantada a pedra fundamental da primeira Fazenda da Esperan\u00e7a da arquidiocese de Olinda e Recife, na manh\u00e3 desta quinta-feira, 23. A solenidade foi realizada no terreno de 30 hectares doado pela prefeitura de Jaboat\u00e3o dos Guararapes (PE), no bairro de Muribequinha, onde ser\u00e1 constru\u00edda a fazenda. As obras iniciar\u00e3o em aproximadamente dois meses.<\/p>\n<p>O ato lit\u00fargico foi presidido pelo arcebispo metropolitano, dom Fernando Saburido, que anunciou que a primeira casa do projeto foi doada e ser\u00e1 constru\u00edda pela Rio Ave. \u201cEsse dia \u00e9 de muita emo\u00e7\u00e3o para todos n\u00f3s. \u00c9 um projeto que come\u00e7a a ganhar forma a partir de hoje. A fazenda receber\u00e1 o nome do Padre Ant\u00f4nio Henrique, numa justa homenagem ao sacerdote que lutou pelos jovens, foi torturado e morto durante o Regime Militar\u201d, revelou.<\/p>\n<p>Na cerim\u00f4nia, dom Saburido depositou em uma urna a pedra fundamental, al\u00e9m de um ter\u00e7o, uma B\u00edblia, jornais do dia e uma c\u00f3pia do documento de posse do terreno. A caixa foi enterrada ao lado da r\u00e9plica do Cristo Redentor doada pela arquidiocese do Rio de Janeiro (RJ), em 2012, quando foram celebrados os 80 anos do monumento.<\/p>\n<p>A l\u00edder comunit\u00e1ria, F\u00e1bia Cristiana, relatou a alegria pela escolha do bairro. \u201cVai ser muito importante para n\u00f3s do Lote 56 ter a fazenda. Ela vai ajudar muita gente e vamos vir aqui sempre para cuidar do local e fiscalizar as obras\u201d, prometeu.<\/p>\n<p>A \u00e1rea tem uma vista privilegiada da cidade, que permite ver o mar. Cercado de verde, o local fica na zona rural, pois a paz e a natureza s\u00e3o fatores importantes na recupera\u00e7\u00e3o dos dependentes. De acordo com o arcebispo, a ideia \u00e9 que a Fazenda da Esperan\u00e7a Padre Ant\u00f4nio Henrique acolha inicialmente cerca de 12 rapazes, mas que durante o funcionamento novos espa\u00e7os sejam constru\u00eddos. Ele espera que a primeira etapa da fazenda seja inaugurada ainda no primeiro semestre de 2016.<\/p>\n<p>O complexo ser\u00e1 formado por refeit\u00f3rio, oficina, capela, estacionamento, quadra poliesportiva e tr\u00eas casas. O refeit\u00f3rio para cerca de 150 pessoas ser\u00e1 utilizado para receber diariamente todos os jovens da fazenda no hor\u00e1rio do almo\u00e7o, bem como seus familiares e visitantes mensalmente e nas diversas comemora\u00e7\u00f5es ao longo do ano. Na cozinha central ser\u00e3o feitas as refei\u00e7\u00f5es principais. A capela, tamb\u00e9m destinada aos familiares e visitantes, ter\u00e1 celebra\u00e7\u00e3o di\u00e1ria, ao final de cada dia. Al\u00e9m disso, haver\u00e1 a \u00e1rea de conv\u00edvio externa, em forma de pra\u00e7a central, possibilitando momentos de descontra\u00e7\u00e3o e lazer ao ar livre. Todo o projeto est\u00e1 or\u00e7ado em R$ 4,4 milh\u00f5es.<br \/>Campanhas<\/p>\n<p>Desde o lan\u00e7amento do projeto em outubro de 2012, a arquidiocese arrecada recursos para a execu\u00e7\u00e3o das obras. At\u00e9 agora o montante arrecadado \u00e9 de aproximadamente R$ 1,1 milh\u00e3o. Interessados em ajudar podem contribuir por meio de dep\u00f3sito na Conta Corrente: 32892-8 \u2013 Banco do Brasil \u2013 Ag\u00eancia: 3108-9.<\/p>\n<p>Com informa\u00e7\u00f5es e foto da arquidiocese de Olinda e Recife<\/p>\n<p style=\"text-align: justify;\">Fonte: CNBB<\/p>\n","protected":false},"excerpt":{"rendered":"<p>Em cerim\u00f4nia, dom Saburido implantou pedra fundamental da Fazenda Esperan\u00e7a na arquidiocese Autoridades civis e religiosas participaram da cerim\u00f4nia em que foi implantada a pedra fundamental da primeira Fazenda da Esperan\u00e7a da arquidiocese de Olinda e Recife, na manh\u00e3 desta quinta-feira, 23. A solenidade foi realizada no terreno de 30 hectares doado pela prefeitura de [&hellip;]<\/p>\n","protected":false},"author":1,"featured_media":0,"comment_status":"open","ping_status":"open","sticky":false,"template":"","format":"standard","meta":{"footnotes":""},"categories":[7],"tags":[],"class_list":["post-11769","post","type-post","status-publish","format-standard","hentry","category-cnbb"],"_links":{"self":[{"href":"https:\/\/catolicanet.net\/wp-cnet\/wp-json\/wp\/v2\/posts\/11769","targetHints":{"allow":["GET"]}}],"collection":[{"href":"https:\/\/catolicanet.net\/wp-cnet\/wp-json\/wp\/v2\/posts"}],"about":[{"href":"https:\/\/catolicanet.net\/wp-cnet\/wp-json\/wp\/v2\/types\/post"}],"author":[{"embeddable":true,"href":"https:\/\/catolicanet.net\/wp-cnet\/wp-json\/wp\/v2\/users\/1"}],"replies":[{"embeddable":true,"href":"https:\/\/catolicanet.net\/wp-cnet\/wp-json\/wp\/v2\/comments?post=11769"}],"version-history":[{"count":1,"href":"https:\/\/catolicanet.net\/wp-cnet\/wp-json\/wp\/v2\/posts\/11769\/revisions"}],"predecessor-version":[{"id":24125,"href":"https:\/\/catolicanet.net\/wp-cnet\/wp-json\/wp\/v2\/posts\/11769\/revisions\/24125"}],"wp:attachment":[{"href":"https:\/\/catolicanet.net\/wp-cnet\/wp-json\/wp\/v2\/media?parent=11769"}],"wp:term":[{"taxonomy":"category","embeddable":true,"href":"https:\/\/catolicanet.net\/wp-cnet\/wp-json\/wp\/v2\/categories?post=11769"},{"taxonomy":"post_tag","embeddable":true,"href":"https:\/\/catolicanet.net\/wp-cnet\/wp-json\/wp\/v2\/tags?post=11769"}],"curies":[{"name":"wp","href":"https:\/\/api.w.org\/{rel}","templated":true}]}}