{"id":11756,"date":"2015-09-23T16:35:24","date_gmt":"2015-09-23T19:35:24","guid":{"rendered":"http:\/\/catolicanet.net\/wp-cnet\/2015\/09\/23\/jovens-do-rio-grande-do-sul-preparam-se-para-segunda-edicao-do-bote-fe\/"},"modified":"2017-05-26T16:42:15","modified_gmt":"2017-05-26T19:42:15","slug":"jovens-do-rio-grande-do-sul-preparam-se-para-segunda-edicao-do-bote-fe","status":"publish","type":"post","link":"https:\/\/catolicanet.net\/wp-cnet\/jovens-do-rio-grande-do-sul-preparam-se-para-segunda-edicao-do-bote-fe\/","title":{"rendered":"Jovens do Rio Grande do Sul preparam-se para segunda edi\u00e7\u00e3o do Bote F\u00e9"},"content":{"rendered":"<p style=\"text-align: justify;\"><img decoding=\"async\" src=\"http:\/\/catolicanet.com.br\/images\/stories\/sul3_botefe300x152.jpg\" border=\"0\" align=\"left\" \/>Evento ser\u00e1 marcado por Dia Mission\u00e1rio e show cultural\u00a0 <\/p>\n<p>Mais de 30 mil jovens s\u00e3o esperados para celebrar a segunda edi\u00e7\u00e3o do Bote F\u00e9, promovido pelo servi\u00e7o de evangeliza\u00e7\u00e3o do regional Sul 3 da Confer\u00eancia Nacional dos Bispos do Brasil (CNBB), o Eai? Tch\u00ea.<\/p>\n<p>Como ponto alto dos processos de evangeliza\u00e7\u00e3o que envolvem comunica\u00e7\u00e3o, articula\u00e7\u00e3o e assessoria da juventude cat\u00f3lica ga\u00facha, o grupo est\u00e1 preparando um Dia Mission\u00e1rio, a ser realizado em 31 de outubro, em Porto Alegre (RS) e tamb\u00e9m o show cultural Bote F\u00e9. O show acontecer\u00e1 no Anfiteatro P\u00f4r do Sol, \u00e0 beira do Gua\u00edba, \u00e0s 14h, no dia 1\u00ba de novembro. <\/p>\n<p>De acordo com o bispo da diocese de Cruz Alta (RS) e referencial para juventude no regional, dom Adelar Baruffi,o evento tem como objetivo &#8220;contagiar com a alegria de quem se encontrou com o Senhor e quer comunic\u00e1-lo, sem querer convencer ou converter o outro. Ter a consci\u00eancia que \u00e9 o Esp\u00edrito Santo que age e faz produzir os frutos\u201d.<\/p>\n<p>Para irm\u00e3 Zenilde Fontes, a motiva\u00e7\u00e3o \u00e9 que o Bote F\u00e9 \u201cseja a porta da entrada de muitos jovens que n\u00e3o seguiram o processo, mas que desejaram participar e celebrar em comunh\u00e3o\u201d. Segundo ela, o Bote F\u00e9 desencadeia novas a\u00e7\u00f5es e celebra as que j\u00e1 foram realizadas, formando um ciclo de trabalho.\u00a0 <\/p>\n<p>Conforme informa\u00e7\u00e3o da organiza\u00e7\u00e3o, \u201cno estado, a campanha Bote a Fita \u00e9 realizada como corrente, onde o jovem \u00e9 desafiado a colocar a fita do evento no pulso e refletir sobre o que ele &#8220;bota f\u00e9&#8221;. Em maio deste ano, uma camiseta do grupo Eai? Tch\u00ea, com o s\u00edmbolo #EmMiss\u00e3o, foi entregue ao papa Francisco.<br \/>Com informa\u00e7\u00f5es e foto do Eai? Tch\u00ea<\/p>\n<p style=\"text-align: justify;\">Fonte: CNBB<\/p>\n<p><\/p>\n","protected":false},"excerpt":{"rendered":"<p>Evento ser\u00e1 marcado por Dia Mission\u00e1rio e show cultural\u00a0 Mais de 30 mil jovens s\u00e3o esperados para celebrar a segunda edi\u00e7\u00e3o do Bote F\u00e9, promovido pelo servi\u00e7o de evangeliza\u00e7\u00e3o do regional Sul 3 da Confer\u00eancia Nacional dos Bispos do Brasil (CNBB), o Eai? Tch\u00ea. Como ponto alto dos processos de evangeliza\u00e7\u00e3o que envolvem comunica\u00e7\u00e3o, articula\u00e7\u00e3o [&hellip;]<\/p>\n","protected":false},"author":1,"featured_media":0,"comment_status":"open","ping_status":"open","sticky":false,"template":"","format":"standard","meta":{"footnotes":""},"categories":[7],"tags":[],"class_list":["post-11756","post","type-post","status-publish","format-standard","hentry","category-cnbb"],"_links":{"self":[{"href":"https:\/\/catolicanet.net\/wp-cnet\/wp-json\/wp\/v2\/posts\/11756","targetHints":{"allow":["GET"]}}],"collection":[{"href":"https:\/\/catolicanet.net\/wp-cnet\/wp-json\/wp\/v2\/posts"}],"about":[{"href":"https:\/\/catolicanet.net\/wp-cnet\/wp-json\/wp\/v2\/types\/post"}],"author":[{"embeddable":true,"href":"https:\/\/catolicanet.net\/wp-cnet\/wp-json\/wp\/v2\/users\/1"}],"replies":[{"embeddable":true,"href":"https:\/\/catolicanet.net\/wp-cnet\/wp-json\/wp\/v2\/comments?post=11756"}],"version-history":[{"count":1,"href":"https:\/\/catolicanet.net\/wp-cnet\/wp-json\/wp\/v2\/posts\/11756\/revisions"}],"predecessor-version":[{"id":24070,"href":"https:\/\/catolicanet.net\/wp-cnet\/wp-json\/wp\/v2\/posts\/11756\/revisions\/24070"}],"wp:attachment":[{"href":"https:\/\/catolicanet.net\/wp-cnet\/wp-json\/wp\/v2\/media?parent=11756"}],"wp:term":[{"taxonomy":"category","embeddable":true,"href":"https:\/\/catolicanet.net\/wp-cnet\/wp-json\/wp\/v2\/categories?post=11756"},{"taxonomy":"post_tag","embeddable":true,"href":"https:\/\/catolicanet.net\/wp-cnet\/wp-json\/wp\/v2\/tags?post=11756"}],"curies":[{"name":"wp","href":"https:\/\/api.w.org\/{rel}","templated":true}]}}