{"id":11751,"date":"2015-09-23T16:02:30","date_gmt":"2015-09-23T19:02:30","guid":{"rendered":"http:\/\/catolicanet.net\/wp-cnet\/2015\/09\/23\/esta-freira-resgata-travestis-e-transexuais-da-prostituicao\/"},"modified":"2017-05-30T15:49:34","modified_gmt":"2017-05-30T18:49:34","slug":"esta-freira-resgata-travestis-e-transexuais-da-prostituicao","status":"publish","type":"post","link":"https:\/\/catolicanet.net\/wp-cnet\/esta-freira-resgata-travestis-e-transexuais-da-prostituicao\/","title":{"rendered":"Esta freira resgata travestis e transexuais da prostitui\u00e7\u00e3o"},"content":{"rendered":"<p style=\"text-align: justify;\"><img decoding=\"async\" src=\"http:\/\/catolicanet.com.br\/images\/stories\/web-monja.jpg\" border=\"0\" align=\"left\" \/>Eram pessoas rejeitadas pela sociedade que acabaram se prostituindo por necessidade, mas agora encontraram o rosto do amor e da miseric\u00f3rdia<\/p>\n<p>A irm\u00e3 M\u00f4nica Astorga, carmelita descal\u00e7a que mora em Neuqu\u00e9n, acompanha h\u00e1 10 anos um grupo de travestis e transexuais que decidiram, com sua ajuda, abandonar a prostitui\u00e7\u00e3o e as drogas para iniciar um caminho de recupera\u00e7\u00e3o e reinser\u00e7\u00e3o social.<\/p>\n<p>Em 2005, uma travesti chamada Romina foi at\u00e9 a par\u00f3quia de Nossa Senhora de Lourdes para oferecer um d\u00edzimo. Ao saber que o dinheiro provinha da prostitui\u00e7\u00e3o, o padre a encaminhou ao mosteiro das carmelitas. Foi ent\u00e3o que conheceu a irm\u00e3 M\u00f4nica.<\/p>\n<p>M\u00f4nica conversou durante uma hora com a travesti. Romina contou que ela e muitas das suas amigas queriam deixar a prostitui\u00e7\u00e3o, mas n\u00e3o tinham outra op\u00e7\u00e3o. A religiosa a convenceu a levar suas amigas a um encontro com ela. Alguns dias depois, rezaram juntas e compartilharam suas experi\u00eancias de vida, suas dores.<\/p>\n<p>\u201cFomo rezar, e depois lhes perguntei sobre os sonhos que tinham, porque uma pessoa sem sonhos n\u00e3o tem vida. Ent\u00e3o me contaram sobre seu desejo de ser cabeleireiras, cozinheiras, ter seu pr\u00f3prio neg\u00f3cio. Katty, outra travesti, disse-me que queria ter uma cama limpa para morrer. Por qu\u00ea? Porque a expectativa de vida para uma travesti \u00e9 de 40 anos de idade\u201d, contou a religiosa, em uma entrevista gravada com o produtor Juan Mart\u00edn Ezratty.<\/p>\n<p>A religiosa se sentiu tocada e decidiu ajudar. Entrou em contato com as autoridades da C\u00e1ritas e com o bispo diocesano e come\u00e7ou um projeto de sal\u00e3o de beleza e uma cooperativa de costura, enquanto providenciava uma casa para suas reuni\u00f5es. Katty, aquela que queria uma cama para morrer, agora dirige a casa, o curso de costura e hospeda as travestis da rua.<\/p>\n<p>\u201cEu fa\u00e7o isso com f\u00e9. Procuro colocar Deus em suas vidas, que se sintam amadas por Deus, por Jesus, que o vejam como um Amigo, que as ama como elas s\u00e3o\u201d, resumiu a religiosa.<\/p>\n<p>Ao longo do seu trabalho, a freira teve muitos obst\u00e1culos: \u201cJ\u00e1 me perguntaram por que havia travestis na Igreja\u2026 Mas a Igreja \u00e9 para todos. Jesus esteve com quem? Com os pecadores, oras! O que me importa \u00e9 que vivam dignamente, que n\u00e3o tenham necessidade de passar as noites com frio, com temperaturas abaixo de zero. O que ofere\u00e7o \u00e9 um espa\u00e7o para rezar, para encontrar um emprego\u2026 O resto \u00e9 obra de Deus, que \u00e9 muito misericordioso\u201d.<\/p>\n<p>Segundo relatou a carmelita, o Papa Francisco conhece este trabalho e a incentiva a continuar. \u201cEm uma carta, ele me pediu para n\u00e3o abandonar este trabalho que o Senhor colocou no meu caminho. E se ofereceu para me acompanhar no que eu precisar\u201d.<\/p>\n<p>Quando foi eleito Papa, a irm\u00e3 M\u00f4nica enviou uma sauda\u00e7\u00e3o a Francisco, em nome de todas as \u201cmeninas\u201d que ela acompanha. \u201cEle respondeu dizendo que n\u00e3o as julgava, que as amava e que soubessem que Jesus e Maria as ama muito\u201d, contou.<\/p>\n<p>A religiosa fez um pedido a toda a sociedade para que seja consciente do dano que estas pessoas sofrem. \u201cEm qualquer fam\u00edlia \u00e9 poss\u00edvel que haja pessoas que se assumam como homossexuais. Pe\u00e7o-lhes que as recebam com todo o amor que merecem, que n\u00e3o as rejeitem, porque essa rejei\u00e7\u00e3o pode acabar levando as pessoas \u00e0 prostitui\u00e7\u00e3o. Tudo isso pode ser evitado com o acolhimento das fam\u00edlias\u201d, opinou a freira que acompanha as travestis.<\/p>\n<p>Para ver o v\u00eddeo (em espanhol) da entrevista, clique aqui. Vale a pena ver este lindo testemunho.<\/p>\n<p style=\"text-align: justify;\">Fonte: Aleteia<\/p>\n","protected":false},"excerpt":{"rendered":"<p>Eram pessoas rejeitadas pela sociedade que acabaram se prostituindo por necessidade, mas agora encontraram o rosto do amor e da miseric\u00f3rdia A irm\u00e3 M\u00f4nica Astorga, carmelita descal\u00e7a que mora em Neuqu\u00e9n, acompanha h\u00e1 10 anos um grupo de travestis e transexuais que decidiram, com sua ajuda, abandonar a prostitui\u00e7\u00e3o e as drogas para iniciar um [&hellip;]<\/p>\n","protected":false},"author":1,"featured_media":0,"comment_status":"open","ping_status":"open","sticky":false,"template":"","format":"standard","meta":{"footnotes":""},"categories":[4],"tags":[],"class_list":["post-11751","post","type-post","status-publish","format-standard","hentry","category-cotidiano"],"_links":{"self":[{"href":"https:\/\/catolicanet.net\/wp-cnet\/wp-json\/wp\/v2\/posts\/11751","targetHints":{"allow":["GET"]}}],"collection":[{"href":"https:\/\/catolicanet.net\/wp-cnet\/wp-json\/wp\/v2\/posts"}],"about":[{"href":"https:\/\/catolicanet.net\/wp-cnet\/wp-json\/wp\/v2\/types\/post"}],"author":[{"embeddable":true,"href":"https:\/\/catolicanet.net\/wp-cnet\/wp-json\/wp\/v2\/users\/1"}],"replies":[{"embeddable":true,"href":"https:\/\/catolicanet.net\/wp-cnet\/wp-json\/wp\/v2\/comments?post=11751"}],"version-history":[{"count":1,"href":"https:\/\/catolicanet.net\/wp-cnet\/wp-json\/wp\/v2\/posts\/11751\/revisions"}],"predecessor-version":[{"id":24651,"href":"https:\/\/catolicanet.net\/wp-cnet\/wp-json\/wp\/v2\/posts\/11751\/revisions\/24651"}],"wp:attachment":[{"href":"https:\/\/catolicanet.net\/wp-cnet\/wp-json\/wp\/v2\/media?parent=11751"}],"wp:term":[{"taxonomy":"category","embeddable":true,"href":"https:\/\/catolicanet.net\/wp-cnet\/wp-json\/wp\/v2\/categories?post=11751"},{"taxonomy":"post_tag","embeddable":true,"href":"https:\/\/catolicanet.net\/wp-cnet\/wp-json\/wp\/v2\/tags?post=11751"}],"curies":[{"name":"wp","href":"https:\/\/api.w.org\/{rel}","templated":true}]}}