{"id":11744,"date":"2015-09-23T13:06:31","date_gmt":"2015-09-23T16:06:31","guid":{"rendered":"http:\/\/catolicanet.net\/wp-cnet\/2015\/09\/23\/diocese-de-campina-grande-promove-semana-da-paz\/"},"modified":"2017-05-26T16:48:24","modified_gmt":"2017-05-26T19:48:24","slug":"diocese-de-campina-grande-promove-semana-da-paz","status":"publish","type":"post","link":"https:\/\/catolicanet.net\/wp-cnet\/diocese-de-campina-grande-promove-semana-da-paz\/","title":{"rendered":"Diocese de Campina Grande promove Semana da Paz"},"content":{"rendered":"<p style=\"text-align: justify;\"><img decoding=\"async\" src=\"http:\/\/catolicanet.com.br\/images\/stories\/campina_grande-somosdapaz300x210.jpg\" border=\"0\" align=\"left\" \/> \u201cA aus\u00eancia de amor nos torna desumanos, nos torna insens\u00edveis, nos torna pessoas violentas e cru\u00e9is\u201d, diz dom Manoel Delson<\/p>\n<p> Dentro das celebra\u00e7\u00f5es do Ano da Paz, promovido ao longo de 2015 pela Confer\u00eancia Nacional dos Bispos do Brasil (CNBB), a diocese de Campina Grande (PB) ir\u00e1, por meio de uma Semana da Paz, desenvolver um gesto concreto. A Semana da Paz na diocese ser\u00e1 celebrada de 26 de setembro a 4 de outubro, com o tema \u201cSomos da Paz\u201d.<\/p>\n<p>Com uma semana dedicada \u00e0 paz, a diocese mobilizar\u00e1 a sociedade para a\u00e7\u00f5es cotidianas que semeiem a paz entre as pessoas. \u201cEstamos presenciando discursos de \u00f3dio, uma viol\u00eancia desenfreada, queremos dar um basta! A paz n\u00e3o \u00e9 s\u00f3 a aus\u00eancia de conflitos, como guerras, \u00e9 tamb\u00e9m a aus\u00eancia de amor que nos torna desumanos, que nos torna insens\u00edveis, que nos torna pessoas violentas e cru\u00e9is\u201d, afirma o bispo diocesano, dom Manoel Delson.\u00a0 \u201cVamos juntos acalmar o esp\u00edrito, abrandar o cora\u00e7\u00e3o, repensar as atitudes di\u00e1rias e reafirmar com convic\u00e7\u00e3o que \u2018somos da paz\u2019\u201d, pede.<\/p>\n<p>Ao longo dos dias est\u00e3o previstas a\u00e7\u00f5es como b\u00ean\u00e7\u00e3o dos animais, passeio cicl\u00edstico, caminhadas, al\u00e9m de uma programa\u00e7\u00e3o religiosa e social dentro da Festa de S\u00e3o Francisco, na par\u00f3quia do Bairro da Concei\u00e7\u00e3o. Ser\u00e3o dias intensos que buscam a reflex\u00e3o da sociedade e mudan\u00e7a de comportamento em todas as dimens\u00f5es.<\/p>\n<p>A CNBB declarou o Ano da Paz a fim de ajudar na supera\u00e7\u00e3o da viol\u00eancia e despertar para a conviv\u00eancia mais respeitosa e fraterna entre as pessoas, como explica o bispo auxiliar de Bras\u00edlia (DF) e secret\u00e1rio geral da Confer\u00eancia, dom Leonardo Steiner. \u201cA viol\u00eancia, a falta de paz, prov\u00e9m do desprezo aos valores da fam\u00edlia, da escola na forma\u00e7\u00e3o do cidad\u00e3o, do desprezo da vida simples&#8221;, pontua o bispo.<br \/>Com informa\u00e7\u00f5es da diocese de Campina Grande<\/p>\n<p style=\"text-align: justify;\">Fonte: CNBB<\/p>\n","protected":false},"excerpt":{"rendered":"<p>\u201cA aus\u00eancia de amor nos torna desumanos, nos torna insens\u00edveis, nos torna pessoas violentas e cru\u00e9is\u201d, diz dom Manoel Delson Dentro das celebra\u00e7\u00f5es do Ano da Paz, promovido ao longo de 2015 pela Confer\u00eancia Nacional dos Bispos do Brasil (CNBB), a diocese de Campina Grande (PB) ir\u00e1, por meio de uma Semana da Paz, desenvolver [&hellip;]<\/p>\n","protected":false},"author":1,"featured_media":0,"comment_status":"open","ping_status":"open","sticky":false,"template":"","format":"standard","meta":{"footnotes":""},"categories":[7],"tags":[],"class_list":["post-11744","post","type-post","status-publish","format-standard","hentry","category-cnbb"],"_links":{"self":[{"href":"https:\/\/catolicanet.net\/wp-cnet\/wp-json\/wp\/v2\/posts\/11744","targetHints":{"allow":["GET"]}}],"collection":[{"href":"https:\/\/catolicanet.net\/wp-cnet\/wp-json\/wp\/v2\/posts"}],"about":[{"href":"https:\/\/catolicanet.net\/wp-cnet\/wp-json\/wp\/v2\/types\/post"}],"author":[{"embeddable":true,"href":"https:\/\/catolicanet.net\/wp-cnet\/wp-json\/wp\/v2\/users\/1"}],"replies":[{"embeddable":true,"href":"https:\/\/catolicanet.net\/wp-cnet\/wp-json\/wp\/v2\/comments?post=11744"}],"version-history":[{"count":1,"href":"https:\/\/catolicanet.net\/wp-cnet\/wp-json\/wp\/v2\/posts\/11744\/revisions"}],"predecessor-version":[{"id":24098,"href":"https:\/\/catolicanet.net\/wp-cnet\/wp-json\/wp\/v2\/posts\/11744\/revisions\/24098"}],"wp:attachment":[{"href":"https:\/\/catolicanet.net\/wp-cnet\/wp-json\/wp\/v2\/media?parent=11744"}],"wp:term":[{"taxonomy":"category","embeddable":true,"href":"https:\/\/catolicanet.net\/wp-cnet\/wp-json\/wp\/v2\/categories?post=11744"},{"taxonomy":"post_tag","embeddable":true,"href":"https:\/\/catolicanet.net\/wp-cnet\/wp-json\/wp\/v2\/tags?post=11744"}],"curies":[{"name":"wp","href":"https:\/\/api.w.org\/{rel}","templated":true}]}}