{"id":11743,"date":"2015-09-23T12:17:13","date_gmt":"2015-09-23T15:17:13","guid":{"rendered":"http:\/\/catolicanet.net\/wp-cnet\/2015\/09\/23\/papa-aceita-renuncia-de-dom-alessio-saccardo-e-nomeia-novo-bispo-de-ponta-de-pedras\/"},"modified":"2017-05-26T16:39:45","modified_gmt":"2017-05-26T19:39:45","slug":"papa-aceita-renuncia-de-dom-alessio-saccardo-e-nomeia-novo-bispo-de-ponta-de-pedras","status":"publish","type":"post","link":"https:\/\/catolicanet.net\/wp-cnet\/papa-aceita-renuncia-de-dom-alessio-saccardo-e-nomeia-novo-bispo-de-ponta-de-pedras\/","title":{"rendered":"Papa aceita ren\u00fancia de dom Alessio Saccardo e nomeia novo bispo de Ponta de Pedras"},"content":{"rendered":"<p style=\"text-align: justify;\"><img decoding=\"async\" src=\"http:\/\/catolicanet.com.br\/images\/stories\/geral\/alessio_teodoro_50x179.jpg\" border=\"0\" align=\"left\" \/>Dom Teodoro Mendes Tavares era bispo coadjutor da mesma diocese<\/p>\n<p>O papa Francisco aceitou, hoje, dia 23 de setembro, a ren\u00fancia do bispo de Ponta de Pedras (PA), dom Alessio Saccardo, de acordo com o c\u00e2non 401, par\u00e1grafo primeiro do C\u00f3digo de Direito Can\u00f4nico. <\/p>\n<p>No mesmo ato, Francisco nomeou o bispo coadjutor da mesma diocese, dom Teodoro Mendes Tavares, como titular desta Igreja particular.<\/p>\n<p>Atua\u00e7\u00e3o<\/p>\n<p>Dom Alessio Saccardo nasceu em Marano Vicentino, na It\u00e1lia, no dia 21 de setembro de 1940. Foi ordenado presb\u00edtero em 05 de setembro de 1970, em S\u00e3o Vitto de Leguzzano e, bispo em 06 de abril de 2002. O prelado escolheu por lema \u201cEm tua palavra, lan\u00e7arei as redes\u201d. Dom Saccardo atuou em Ponta de Pedras por 13 anos.<\/p>\n<p>Dom Teodoro Mendes \u00e9 natural da Ilha de Santiago, no Cabo Verde (continente africano). Nasceu em 07 de janeiro de 1964. Mission\u00e1rio da Congrega\u00e7\u00e3o do Esp\u00edrito Santo, foi ordenado presb\u00edtero no dia 11 de junho de 1993. A ordena\u00e7\u00e3o ao episcopado ocorreu em 08 de maio de 2011, assumindo a fun\u00e7\u00e3o de bispo auxiliar de Bel\u00e9m (PA). Escolheu por lema episcopal \u201cEis que me aqui\u201d. Foi nomeado bispo coadjutor da diocese de Ponte de Pedras em 10 de junho deste ano.<br \/>Fonte: CNBB<\/p>\n","protected":false},"excerpt":{"rendered":"<p>Dom Teodoro Mendes Tavares era bispo coadjutor da mesma diocese O papa Francisco aceitou, hoje, dia 23 de setembro, a ren\u00fancia do bispo de Ponta de Pedras (PA), dom Alessio Saccardo, de acordo com o c\u00e2non 401, par\u00e1grafo primeiro do C\u00f3digo de Direito Can\u00f4nico. No mesmo ato, Francisco nomeou o bispo coadjutor da mesma diocese, [&hellip;]<\/p>\n","protected":false},"author":1,"featured_media":0,"comment_status":"open","ping_status":"open","sticky":false,"template":"","format":"standard","meta":{"footnotes":""},"categories":[7],"tags":[],"class_list":["post-11743","post","type-post","status-publish","format-standard","hentry","category-cnbb"],"_links":{"self":[{"href":"https:\/\/catolicanet.net\/wp-cnet\/wp-json\/wp\/v2\/posts\/11743","targetHints":{"allow":["GET"]}}],"collection":[{"href":"https:\/\/catolicanet.net\/wp-cnet\/wp-json\/wp\/v2\/posts"}],"about":[{"href":"https:\/\/catolicanet.net\/wp-cnet\/wp-json\/wp\/v2\/types\/post"}],"author":[{"embeddable":true,"href":"https:\/\/catolicanet.net\/wp-cnet\/wp-json\/wp\/v2\/users\/1"}],"replies":[{"embeddable":true,"href":"https:\/\/catolicanet.net\/wp-cnet\/wp-json\/wp\/v2\/comments?post=11743"}],"version-history":[{"count":1,"href":"https:\/\/catolicanet.net\/wp-cnet\/wp-json\/wp\/v2\/posts\/11743\/revisions"}],"predecessor-version":[{"id":24057,"href":"https:\/\/catolicanet.net\/wp-cnet\/wp-json\/wp\/v2\/posts\/11743\/revisions\/24057"}],"wp:attachment":[{"href":"https:\/\/catolicanet.net\/wp-cnet\/wp-json\/wp\/v2\/media?parent=11743"}],"wp:term":[{"taxonomy":"category","embeddable":true,"href":"https:\/\/catolicanet.net\/wp-cnet\/wp-json\/wp\/v2\/categories?post=11743"},{"taxonomy":"post_tag","embeddable":true,"href":"https:\/\/catolicanet.net\/wp-cnet\/wp-json\/wp\/v2\/tags?post=11743"}],"curies":[{"name":"wp","href":"https:\/\/api.w.org\/{rel}","templated":true}]}}