{"id":11731,"date":"2015-09-22T13:01:20","date_gmt":"2015-09-22T16:01:20","guid":{"rendered":"http:\/\/catolicanet.net\/wp-cnet\/2015\/09\/22\/jovens-de-paroquia-da-zona-sul-de-sao-paulo-realizam-apresentacao-de-flash-mob-desafio-jmj-krakow-2016\/"},"modified":"2017-05-31T15:37:19","modified_gmt":"2017-05-31T18:37:19","slug":"jovens-de-paroquia-da-zona-sul-de-sao-paulo-realizam-apresentacao-de-flash-mob-desafio-jmj-krakow-2016","status":"publish","type":"post","link":"https:\/\/catolicanet.net\/wp-cnet\/jovens-de-paroquia-da-zona-sul-de-sao-paulo-realizam-apresentacao-de-flash-mob-desafio-jmj-krakow-2016\/","title":{"rendered":"Jovens de par\u00f3quia da Zona Sul de S\u00e3o Paulo realizam apresenta\u00e7\u00e3o de Flash Mob &#8211; Desafio JMJ Krak\u00f3w 2016."},"content":{"rendered":"<p style=\"text-align: justify;\"><img decoding=\"async\" src=\"http:\/\/catolicanet.com.br\/images\/stories\/00 dasafio 1.jpg\" border=\"0\" align=\"left\" \/>Grupo de Jovens de par\u00f3quia, da Diocese de Santo Amaro, realizaram uma apresenta\u00e7\u00e3o de Flash Mob, na modalidade de dan\u00e7a coreografada. O evento aconteceu na Pra\u00e7a Central, de Vila S\u00e3o Jos\u00e9 e no Mercado Municipal de Santo Amaro, ambos da Regi\u00e3o Sul de S\u00e3o Paulo.<br \/>A equipe de jovens \u201cIntercessores de Assis\u201d da Par\u00f3quia S\u00e3o Jos\u00e9 participam do Desafio JMJ Krak\u00f3w 2016, formado por um conjunto de tarefas, em N\u00edvel Nacional, entre os diversos grupos de jovens participantes, devidamente inscritos, tendo o mesmo objetivo final e em igualdade de condi\u00e7\u00f5es, visam fomentar o protagonismo do jovem na Igreja, na Fam\u00edlia e na Sociedade.<br \/>Desde Agosto de 2014, passamos por tarefas a cumprir (apresenta\u00e7\u00f5es teatrais, debates com os poderes p\u00fablicos e a igreja, materiais para reciclagem, censos locais, forma\u00e7\u00e3o e informa\u00e7\u00e3o, articula\u00e7\u00e3o com os meios de comunica\u00e7\u00f5es sociais, etc.). A cada etapa conclu\u00edda, recebemos uma determinada pontua\u00e7\u00e3o e nos enquadramos num ranking nacional. Desse ranking concorremos a 40 pacotes de viagens para a pr\u00f3xima Jornada Mundial da Juventude, a realizar-se em Crac\u00f3via, Pol\u00f4nia <img decoding=\"async\" src=\"http:\/\/catolicanet.com.br\/images\/stories\/00 dasafio 2.jpg\" border=\"0\" align=\"right\" \/>(2016), que ser\u00e3o distribu\u00eddas \u00e0s 15 equipes mais bem posicionadas.<br \/>Ao longo da competi\u00e7\u00e3o os jovens vem desempenhando um \u00f3timo trabalho junto a igreja e sociedade, com a\u00e7\u00f5es que mobilizam pessoas, igreja, sociedade e os meios de comunica\u00e7\u00e3o sociais, vivenciando uma verdadeira experi\u00eancia nos dias atuais. Cumprimos a \u00faltima tarefa que foi um Flash Mob \u00e0 sociedade.<br \/>Ocupamos em 2\u00ba. (segundo) lugar, dentre os 1.234 grupos do pa\u00eds, representando a Diocese de Santo Amaro, S\u00e3o Paulo\/SP.<br \/>A data de premia\u00e7\u00e3o ocorrer\u00e1 em 12 de outubro de 2015, organizada pela Associa\u00e7\u00e3o Cultural Portal Cat\u00f3lico.<\/p>\n","protected":false},"excerpt":{"rendered":"<p>Grupo de Jovens de par\u00f3quia, da Diocese de Santo Amaro, realizaram uma apresenta\u00e7\u00e3o de Flash Mob, na modalidade de dan\u00e7a coreografada. O evento aconteceu na Pra\u00e7a Central, de Vila S\u00e3o Jos\u00e9 e no Mercado Municipal de Santo Amaro, ambos da Regi\u00e3o Sul de S\u00e3o Paulo.A equipe de jovens \u201cIntercessores de Assis\u201d da Par\u00f3quia S\u00e3o Jos\u00e9 [&hellip;]<\/p>\n","protected":false},"author":1,"featured_media":0,"comment_status":"open","ping_status":"open","sticky":false,"template":"","format":"standard","meta":{"footnotes":""},"categories":[4],"tags":[],"class_list":["post-11731","post","type-post","status-publish","format-standard","hentry","category-cotidiano"],"_links":{"self":[{"href":"https:\/\/catolicanet.net\/wp-cnet\/wp-json\/wp\/v2\/posts\/11731","targetHints":{"allow":["GET"]}}],"collection":[{"href":"https:\/\/catolicanet.net\/wp-cnet\/wp-json\/wp\/v2\/posts"}],"about":[{"href":"https:\/\/catolicanet.net\/wp-cnet\/wp-json\/wp\/v2\/types\/post"}],"author":[{"embeddable":true,"href":"https:\/\/catolicanet.net\/wp-cnet\/wp-json\/wp\/v2\/users\/1"}],"replies":[{"embeddable":true,"href":"https:\/\/catolicanet.net\/wp-cnet\/wp-json\/wp\/v2\/comments?post=11731"}],"version-history":[{"count":1,"href":"https:\/\/catolicanet.net\/wp-cnet\/wp-json\/wp\/v2\/posts\/11731\/revisions"}],"predecessor-version":[{"id":26930,"href":"https:\/\/catolicanet.net\/wp-cnet\/wp-json\/wp\/v2\/posts\/11731\/revisions\/26930"}],"wp:attachment":[{"href":"https:\/\/catolicanet.net\/wp-cnet\/wp-json\/wp\/v2\/media?parent=11731"}],"wp:term":[{"taxonomy":"category","embeddable":true,"href":"https:\/\/catolicanet.net\/wp-cnet\/wp-json\/wp\/v2\/categories?post=11731"},{"taxonomy":"post_tag","embeddable":true,"href":"https:\/\/catolicanet.net\/wp-cnet\/wp-json\/wp\/v2\/tags?post=11731"}],"curies":[{"name":"wp","href":"https:\/\/api.w.org\/{rel}","templated":true}]}}