{"id":11729,"date":"2015-09-22T12:35:19","date_gmt":"2015-09-22T15:35:19","guid":{"rendered":"http:\/\/catolicanet.net\/wp-cnet\/2015\/09\/22\/sacerdotes-orantes-prudentes-caridosos-acessiveis-e-no-meio-do-povo\/"},"modified":"2017-05-09T16:04:42","modified_gmt":"2017-05-09T19:04:42","slug":"sacerdotes-orantes-prudentes-caridosos-acessiveis-e-no-meio-do-povo","status":"publish","type":"post","link":"https:\/\/catolicanet.net\/wp-cnet\/sacerdotes-orantes-prudentes-caridosos-acessiveis-e-no-meio-do-povo\/","title":{"rendered":"Sacerdotes orantes, prudentes, caridosos, acess\u00edveis e no meio do povo!"},"content":{"rendered":"<p style=\"text-align: justify;\">Tenho a gra\u00e7a de comemorar, neste dia 22 de setembro de 2015, 53 anos de minist\u00e9rio presbiteral. Quero, ao olhar para a Sant\u00edssima Trindade, agradecer a Nosso Senhor Jesus Cristo, Sumo e Eterno Sacerdote, pela gra\u00e7a que, apesar de minhas limita\u00e7\u00f5es, me foi concedida. Uma ora\u00e7\u00e3o sentida de a\u00e7\u00e3o de gra\u00e7as a Dom Justino Jos\u00e9 de Santana, que me recebeu no Semin\u00e1rio, e a Dom Geraldo Maria de Morais Penido, que me ordenou di\u00e1cono e presb\u00edtero da Igreja. Muitas s\u00e3o as a\u00e7\u00f5es de gra\u00e7as que devo dar a Deus por esta gra\u00e7a que recebi e que compartilho com todos os que passaram pela minha vida, quer em Juiz de Fora, como na Diocese de Luz.<br \/> O Papa Francisco tem dado v\u00e1rias demonstra\u00e7\u00f5es p\u00fablicas de como deve ser o sacerdote no dia de hoje. Acho de grande valia a sua fala em retiro recente para os padres em Roma: \u201cO sacerdote, \u00e0 medida que vai andando no amor com Jesus, sente o carinho de seu Mestre de maneira distinta. E o busca, o comunica e o ama com car\u00edcias renovadas. Amem, deixem-se amar, abram o cora\u00e7\u00e3o a Ele\u201d, disse. \u201cQuando um sacerdote \u00e9 apaixonado por Jesus se nota, se reconhece, se v\u00ea esse amor que \u00e9 transmitido constantemente\u201d. E n\u00e3o basta contemplar Jesus, disse o Papa, \u00e9 preciso que os padres se deixem contemplar por Jesus. \u00c0s vezes essa pode ser uma tarefa dif\u00edcil quando os padres est\u00e3o cansados, com problemas, de forma que podem at\u00e9 acabar cochilando diante do Sacr\u00e1rio. Mas nesses momentos, disse, Deus olha para os padres como um pai que olha para o filho dormindo. \u201cSe voc\u00ea dorme diante do Sant\u00edssimo n\u00e3o se preocupe, mas v\u00e1 at\u00e9 o Tabern\u00e1culo, n\u00e3o deixe de ir\u201d.<br \/> Para ser apaixonado por Jesus devemos ser apaixonados pelos irm\u00e3os. E, pelos irm\u00e3os mais pobres, mais humildes, mais pecadores, mais fragilizados, mais rejeitados pela sociedade. A Igreja n\u00e3o rejeita ningu\u00e9m. A Igreja n\u00e3o pode excluir ningu\u00e9m, porque ela \u00e9 \u201ccongregada na escola de Jesus e de Maria\u201d que acolhe a todos. Neste dia, de a\u00e7\u00e3o de gra\u00e7as, quero rezar por todos os sacerdotes que, ultimamente, andam perseguidos, atacados, vilipendiados e, caluniados at\u00e9 por homens da Igreja. Um absurdo este comportamento horrendo de quem deveria acolher, santificar, ouvir, corrigir e incluir dentro da Igreja.<br \/> Lembro de um sacerdote, negro e pobre, que se santificou vencendo as humilha\u00e7\u00f5es pela sua cor. Que o vigor do C\u00f4nego Francisco de Paula Victor, o Campanhense trespontano nas palavras do saudoso Monsenhor Jos\u00e9 do Patroc\u00ednio Lefort, seja um exemplo para mim bispo, para os meus irm\u00e3os bispos, para os irm\u00e3os presb\u00edteros, e para a Igreja: n\u00e3o julgar e n\u00e3o condenar, como este santo fez em vida, mais acolher a todos e a todos aben\u00e7oar, santificar e incluir na M\u00e3e Igreja.<br \/> Vemos muitos dignat\u00e1rios da Igreja Cat\u00f3lica, infelizmente na contram\u00e3o do Papa Francisco, buscarem o fausto, a gl\u00f3ria e a vaidade, tornando-se n\u00e3o servidores da Igreja, mais servidores de sua ignom\u00ednia. Por isso, diante de certos comportamentos megaloman\u00edacos e doentios, dignos de psicopatia, a advert\u00eancia do Padre Ant\u00f4nio Vieira com o qual encerro meu artigo: \u201cSomos p\u00f3. O p\u00f3 que foi nosso princ\u00edpio, esse mesmo e n\u00e3o outro \u00e9 o nosso fim, e porque caminhamos circularmente de um p\u00f3 para o outro, quanto mais parece que nos afastamos do primeiro tanto mais nos aproximamos do segundo; o passo que nos afasta do primeiro p\u00f3 e o mesmo que nos aproxima do segundo, esse mesmo passo nos faz chegar; o dia que faz a vida, esse mesmo a desfaz; \u00e9 como uma roda de moinho que anda e desanda e sempre vai moendo, porque o que somos n\u00e3o passa de p\u00f3, na sua origem e no seu fim. Por isso nosso consolo \u00e9 Cristo, princ\u00edpio e fim, por que apesar de nossas limita\u00e7\u00f5es, Ele \u00e9 misericordioso e pela f\u00e9, comunh\u00e3o com Ele, nos conserva para a vida eterna\u201d.<br \/> Eu nunca preguei a mim. Eu nunca pedi que me seguissem. Nestes 53 anos eu preguei unicamente a Jesus Cristo morto e ressuscitado que est\u00e1 no meio de n\u00f3s e anima a Igreja. Sempre fui um bispo simples, pobre, apesar de minhas limita\u00e7\u00f5es, que vive coerentemente com o que aprendi de meus pais, superiores e bispos. Consci\u00eancia tranquilo, invoco a prote\u00e7\u00e3o do Beato Padre Victor sobre todos os que me ajudaram e sobre aqueles que eu preciso de rezar. Rezem por mim! Rezem pelo Papa! Rezem pela Igreja, porque muitos de seus homens precisam de purifica\u00e7\u00e3o, de convers\u00e3o e abrandar seu cora\u00e7\u00e3o que d\u00e1 contratestemunho. &#8220;Necessitamos uns dos outros para sermos n\u00f3s mesmos&#8221;. Santo Agostinho (354 d.C.-430 d.C) Eu quero acabar meus dias como os comecei pela simplicidade e austeridade. Que sejamos todos sacerdotes orantes, prudentes, caridosos, acess\u00edveis e no meio do povo!<\/p>\n<p><\/p>\n","protected":false},"excerpt":{"rendered":"<p>Tenho a gra\u00e7a de comemorar, neste dia 22 de setembro de 2015, 53 anos de minist\u00e9rio presbiteral. Quero, ao olhar para a Sant\u00edssima Trindade, agradecer a Nosso Senhor Jesus Cristo, Sumo e Eterno Sacerdote, pela gra\u00e7a que, apesar de minhas limita\u00e7\u00f5es, me foi concedida. Uma ora\u00e7\u00e3o sentida de a\u00e7\u00e3o de gra\u00e7as a Dom Justino Jos\u00e9 [&hellip;]<\/p>\n","protected":false},"author":10,"featured_media":0,"comment_status":"open","ping_status":"open","sticky":false,"template":"","format":"standard","meta":{"footnotes":""},"categories":[9],"tags":[],"class_list":["post-11729","post","type-post","status-publish","format-standard","hentry","category-artigos"],"_links":{"self":[{"href":"https:\/\/catolicanet.net\/wp-cnet\/wp-json\/wp\/v2\/posts\/11729","targetHints":{"allow":["GET"]}}],"collection":[{"href":"https:\/\/catolicanet.net\/wp-cnet\/wp-json\/wp\/v2\/posts"}],"about":[{"href":"https:\/\/catolicanet.net\/wp-cnet\/wp-json\/wp\/v2\/types\/post"}],"author":[{"embeddable":true,"href":"https:\/\/catolicanet.net\/wp-cnet\/wp-json\/wp\/v2\/users\/10"}],"replies":[{"embeddable":true,"href":"https:\/\/catolicanet.net\/wp-cnet\/wp-json\/wp\/v2\/comments?post=11729"}],"version-history":[{"count":1,"href":"https:\/\/catolicanet.net\/wp-cnet\/wp-json\/wp\/v2\/posts\/11729\/revisions"}],"predecessor-version":[{"id":21950,"href":"https:\/\/catolicanet.net\/wp-cnet\/wp-json\/wp\/v2\/posts\/11729\/revisions\/21950"}],"wp:attachment":[{"href":"https:\/\/catolicanet.net\/wp-cnet\/wp-json\/wp\/v2\/media?parent=11729"}],"wp:term":[{"taxonomy":"category","embeddable":true,"href":"https:\/\/catolicanet.net\/wp-cnet\/wp-json\/wp\/v2\/categories?post=11729"},{"taxonomy":"post_tag","embeddable":true,"href":"https:\/\/catolicanet.net\/wp-cnet\/wp-json\/wp\/v2\/tags?post=11729"}],"curies":[{"name":"wp","href":"https:\/\/api.w.org\/{rel}","templated":true}]}}