{"id":11727,"date":"2015-09-21T19:26:34","date_gmt":"2015-09-21T22:26:34","guid":{"rendered":"http:\/\/catolicanet.net\/wp-cnet\/2015\/09\/21\/holguin-e-santiago-a-segunda-feira-do-papa-em-cuba\/"},"modified":"2017-06-02T10:56:58","modified_gmt":"2017-06-02T13:56:58","slug":"holguin-e-santiago-a-segunda-feira-do-papa-em-cuba","status":"publish","type":"post","link":"https:\/\/catolicanet.net\/wp-cnet\/holguin-e-santiago-a-segunda-feira-do-papa-em-cuba\/","title":{"rendered":"Holgu\u00edn e Santiago: a segunda-feira do Papa em Cuba"},"content":{"rendered":"<p style=\"text-align: justify;\"><img decoding=\"async\" src=\"http:\/\/catolicanet.com.br\/images\/stories\/wafp4546139_articolo.jpg\" border=\"0\" align=\"left\" \/>No seu terceiro dia em Cuba, Papa Francisco deixa Havana esta segunda-feira em dire\u00e7\u00e3o \u00e0 cidade de Holgu\u00edn.<\/p>\n<p>O pont\u00edfice partir\u00e1 da capital \u00e0s 08h, hora local, e ap\u00f3s uma hora e 20 minutos de voo chegar\u00e1 a Holgu\u00edn, a terceira cidade da Ilha por n\u00fameros de habitante (1,5 milh\u00f5es). \u00c9 a primeira vez que a Diocese de Holgu\u00edn recebe a visita de um Papa. Foi nesta cidade, em 1612, no mar da baia de Nipe, que foi encontrada a imagem de Nossa Senhora da Caridade do Cobre, padroeira do pa\u00eds.<\/p>\n<p>Do aeroporto, Francisco se dirige diretamente \u00e0 Pra\u00e7a da Revolu\u00e7\u00e3o da cidade, onde presidir\u00e1 \u00e0 Santa Missa \u00e0s 10h30 locais (11h30 no hor\u00e1rio de Bras\u00edlia). A cerim\u00f4nia ser\u00e1 transmitida ao vivo pela R\u00e1dio Vaticano, com coment\u00e1rios em portugu\u00eas.<\/p>\n<p>Depois da missa, o Papa se dirige \u00e0 casa episcopal da cidade para o almo\u00e7o e, na parte da tarde, ir\u00e1 \u00e0 \u201cColina da Cruz\u201d. Posicionada a 261 metros de altitude, a cruz \u00e9 meta de peregrina\u00e7\u00e3o, de onde \u00e9 poss\u00edvel admirar toda a regi\u00e3o. Neste local, Francisco far\u00e1 uma ora\u00e7\u00e3o e aben\u00e7oar\u00e1 toda a cidade de Holgu\u00edn.<\/p>\n<p>Da colina, o Pont\u00edfice se transfere ao aeroporto em dire\u00e7\u00e3o a Santiago de Cuba \u2013 terceira e \u00faltima etapa de sua visita a Cuba. Ap\u00f3s 50 minutos de voo, o primeiro compromisso na cidade \u00e9 no Semin\u00e1rio S\u00e3o Bas\u00edlio Magno \u2013 resid\u00eancia pontif\u00edcia em Santiago \u2013 para o encontro com os Bispos cubanos. A segunda-feira de Francisco se encerra com a ora\u00e7\u00e3o a Nossa Senhora do Cobre, no Santu\u00e1rio Nacional.<\/p>\n<p>Sem a presen\u00e7a de fi\u00e9is e sem discursos, ao final da ora\u00e7\u00e3o o Papa oferecer\u00e1 um dom \u00e0 Sant\u00edssima Virgem.<\/p>\n<p>Na sequ\u00eancia, Francisco regressa ao Semin\u00e1rio para o jantar e o pernoitamento.<\/p>\n<p style=\"text-align: justify;\">Fonte: R\u00e1dio Vaticano<\/p>\n","protected":false},"excerpt":{"rendered":"<p>No seu terceiro dia em Cuba, Papa Francisco deixa Havana esta segunda-feira em dire\u00e7\u00e3o \u00e0 cidade de Holgu\u00edn. O pont\u00edfice partir\u00e1 da capital \u00e0s 08h, hora local, e ap\u00f3s uma hora e 20 minutos de voo chegar\u00e1 a Holgu\u00edn, a terceira cidade da Ilha por n\u00fameros de habitante (1,5 milh\u00f5es). \u00c9 a primeira vez que [&hellip;]<\/p>\n","protected":false},"author":1,"featured_media":0,"comment_status":"open","ping_status":"open","sticky":false,"template":"","format":"standard","meta":{"footnotes":""},"categories":[3],"tags":[],"class_list":["post-11727","post","type-post","status-publish","format-standard","hentry","category-vaticano"],"_links":{"self":[{"href":"https:\/\/catolicanet.net\/wp-cnet\/wp-json\/wp\/v2\/posts\/11727","targetHints":{"allow":["GET"]}}],"collection":[{"href":"https:\/\/catolicanet.net\/wp-cnet\/wp-json\/wp\/v2\/posts"}],"about":[{"href":"https:\/\/catolicanet.net\/wp-cnet\/wp-json\/wp\/v2\/types\/post"}],"author":[{"embeddable":true,"href":"https:\/\/catolicanet.net\/wp-cnet\/wp-json\/wp\/v2\/users\/1"}],"replies":[{"embeddable":true,"href":"https:\/\/catolicanet.net\/wp-cnet\/wp-json\/wp\/v2\/comments?post=11727"}],"version-history":[{"count":1,"href":"https:\/\/catolicanet.net\/wp-cnet\/wp-json\/wp\/v2\/posts\/11727\/revisions"}],"predecessor-version":[{"id":28021,"href":"https:\/\/catolicanet.net\/wp-cnet\/wp-json\/wp\/v2\/posts\/11727\/revisions\/28021"}],"wp:attachment":[{"href":"https:\/\/catolicanet.net\/wp-cnet\/wp-json\/wp\/v2\/media?parent=11727"}],"wp:term":[{"taxonomy":"category","embeddable":true,"href":"https:\/\/catolicanet.net\/wp-cnet\/wp-json\/wp\/v2\/categories?post=11727"},{"taxonomy":"post_tag","embeddable":true,"href":"https:\/\/catolicanet.net\/wp-cnet\/wp-json\/wp\/v2\/tags?post=11727"}],"curies":[{"name":"wp","href":"https:\/\/api.w.org\/{rel}","templated":true}]}}