{"id":11725,"date":"2015-09-21T19:01:44","date_gmt":"2015-09-21T22:01:44","guid":{"rendered":"http:\/\/catolicanet.net\/wp-cnet\/2015\/09\/21\/campanha-aborda-respeito-a-diversidade-religiosa\/"},"modified":"2017-05-30T15:52:33","modified_gmt":"2017-05-30T18:52:33","slug":"campanha-aborda-respeito-a-diversidade-religiosa","status":"publish","type":"post","link":"https:\/\/catolicanet.net\/wp-cnet\/campanha-aborda-respeito-a-diversidade-religiosa\/","title":{"rendered":"Campanha aborda respeito \u00e0 diversidade religiosa"},"content":{"rendered":"<p style=\"text-align: justify;\"><img decoding=\"async\" src=\"http:\/\/catolicanet.com.br\/images\/stories\/primavera_pela_vida400.jpg\" border=\"0\" align=\"left\" \/>Campanha visa apoiar projetos que promovam o ecumenismo e o di\u00e1logo inter-religioso<\/p>\n<p>A Coordenadoria Ecum\u00eanica de Servi\u00e7o (Cese) iniciou nesta segunda-feira, 21, a 15\u00aa edi\u00e7\u00e3o da Campanha Primavera para a Vida. A iniciativa, que seguir\u00e1 at\u00e9 dezembro, tem como tema \u201cEu Respeito a Diversidade Religiosa. E voc\u00ea?\u201d. O objetivo \u00e9 arrecadar recursos para apoiar projetos que promovam o ecumenismo e o di\u00e1logo inter-religioso.<\/p>\n<p>A Cese, entidade de car\u00e1ter ecum\u00eanico, preparou um material para aprofundamento a respeito da tem\u00e1tica \u201cDiversidade Religiosa\u201d. \u00c9 oferecido um livreto com textos elaborados por lideran\u00e7as religiosas do cristianismo, islamismo, comunidade Bah\u2019a\u00ed, candombl\u00e9 e juda\u00edsmo. A Rede Ecum\u00eanica da Juventude (Reju) colaborou com a m\u00edstica proposta nos textos com o \u201colhar\u201d da juventude sobre a quest\u00e3o, o que de acordo com Cese \u201cmostra que as juventudes tamb\u00e9m est\u00e3o engajadas\u201d.<\/p>\n<p>A campanha Primavera para a Vida acontece desde 2000, com o intuito de mobilizar recursos para as atividades da Cese em todo o Brasil. A meta \u00e9 fortalecer grupos populares em busca de direitos por meio do apoio a projetos. A entidade tamb\u00e9m procura ampliar a articula\u00e7\u00e3o com as bases das Igrejas que a comp\u00f5em.<\/p>\n<p>A Cese tem como miss\u00e3o fortalecer organiza\u00e7\u00f5es da sociedade civil, especialmente as populares, empenhadas nas lutas por transforma\u00e7\u00f5es pol\u00edticas, econ\u00f4micas e sociais que conduzam a estruturas em que prevale\u00e7a democracia com justi\u00e7a.<\/p>\n<p>Atualmente \u00e9 composta pelas igrejas Evang\u00e9lica de Confiss\u00e3o Luterana no Brasil, Presbiteriana Independente do Brasil, Presbiteriana Unida do Brasil, Episcopal Anglicana do Brasil, Alian\u00e7a de Batistas do Brasil e pela Igreja Cat\u00f3lica Apost\u00f3lica Romana, por meio da Confer\u00eancia Nacional dos Bispos do Brasil (CNBB). Exerce o cargo de presidente da entidade o assessor da Comiss\u00e3o Episcopal para o Ecumenismo e o Di\u00e1logo Inter-Religioso da CNBB, padre Marcus Barbosa.<br \/>Compartilhamento<\/p>\n<p>A Cese disponibilizou um e-mail de contato para aprofundar o di\u00e1logo, compartilhar experi\u00eancias e esclarecer d\u00favidas a respeito da Campanha. Os interessados podem escrever para cesecomunica@cese.org.br.<\/p>\n<p style=\"text-align: justify;\">Fonte: CNBB<\/p>\n","protected":false},"excerpt":{"rendered":"<p>Campanha visa apoiar projetos que promovam o ecumenismo e o di\u00e1logo inter-religioso A Coordenadoria Ecum\u00eanica de Servi\u00e7o (Cese) iniciou nesta segunda-feira, 21, a 15\u00aa edi\u00e7\u00e3o da Campanha Primavera para a Vida. A iniciativa, que seguir\u00e1 at\u00e9 dezembro, tem como tema \u201cEu Respeito a Diversidade Religiosa. E voc\u00ea?\u201d. O objetivo \u00e9 arrecadar recursos para apoiar projetos [&hellip;]<\/p>\n","protected":false},"author":1,"featured_media":0,"comment_status":"open","ping_status":"open","sticky":false,"template":"","format":"standard","meta":{"footnotes":""},"categories":[4],"tags":[],"class_list":["post-11725","post","type-post","status-publish","format-standard","hentry","category-cotidiano"],"_links":{"self":[{"href":"https:\/\/catolicanet.net\/wp-cnet\/wp-json\/wp\/v2\/posts\/11725","targetHints":{"allow":["GET"]}}],"collection":[{"href":"https:\/\/catolicanet.net\/wp-cnet\/wp-json\/wp\/v2\/posts"}],"about":[{"href":"https:\/\/catolicanet.net\/wp-cnet\/wp-json\/wp\/v2\/types\/post"}],"author":[{"embeddable":true,"href":"https:\/\/catolicanet.net\/wp-cnet\/wp-json\/wp\/v2\/users\/1"}],"replies":[{"embeddable":true,"href":"https:\/\/catolicanet.net\/wp-cnet\/wp-json\/wp\/v2\/comments?post=11725"}],"version-history":[{"count":1,"href":"https:\/\/catolicanet.net\/wp-cnet\/wp-json\/wp\/v2\/posts\/11725\/revisions"}],"predecessor-version":[{"id":24657,"href":"https:\/\/catolicanet.net\/wp-cnet\/wp-json\/wp\/v2\/posts\/11725\/revisions\/24657"}],"wp:attachment":[{"href":"https:\/\/catolicanet.net\/wp-cnet\/wp-json\/wp\/v2\/media?parent=11725"}],"wp:term":[{"taxonomy":"category","embeddable":true,"href":"https:\/\/catolicanet.net\/wp-cnet\/wp-json\/wp\/v2\/categories?post=11725"},{"taxonomy":"post_tag","embeddable":true,"href":"https:\/\/catolicanet.net\/wp-cnet\/wp-json\/wp\/v2\/tags?post=11725"}],"curies":[{"name":"wp","href":"https:\/\/api.w.org\/{rel}","templated":true}]}}