{"id":11703,"date":"2015-09-18T14:57:56","date_gmt":"2015-09-18T17:57:56","guid":{"rendered":"http:\/\/catolicanet.net\/wp-cnet\/2015\/09\/18\/uma-multidao-aguarda-o-papa-francisco-na-filadelfia-programa-completo-de-sua-visita-a-cidade\/"},"modified":"2017-06-02T16:53:28","modified_gmt":"2017-06-02T19:53:28","slug":"uma-multidao-aguarda-o-papa-francisco-na-filadelfia-programa-completo-de-sua-visita-a-cidade","status":"publish","type":"post","link":"https:\/\/catolicanet.net\/wp-cnet\/uma-multidao-aguarda-o-papa-francisco-na-filadelfia-programa-completo-de-sua-visita-a-cidade\/","title":{"rendered":"Uma multid\u00e3o aguarda o Papa Francisco, na Filad\u00e9lfia. Programa completo de sua visita \u00e0 cidade"},"content":{"rendered":"<p style=\"text-align: justify;\">Festival de M\u00fasica, Andrea Bocelli, Juanes, alegria e divers\u00e3o, f\u00e9 e convers\u00e3o. E a Santa Missa de encerramento do Encontro Mundial das Fam\u00edlias<\/p>\n<p>Depois de sua viagem a Cuba, e Estados Unidos por Washington e Nova York, o Papa Francisco finalmente chegar\u00e1 a Filad\u00e9lfia, seu principal destino, no s\u00e1bado, 26 de setembro, \u00e0s 9h30, no hangar privado Atlantic Aviation, no aeroporto internacional da cidade.<\/p>\n<p>Programa do s\u00e1bado 26 de setembro<\/p>\n<p>&#8211; \u00c0s 10h30, o Papa celebrar\u00e1 a Santa Missa na Catedral de S\u00e3o Pedro e S\u00e3o Paulo. Somente religiosos da regi\u00e3o e pessoas especialmente convidadas ter\u00e3o acesso ao templo.<\/p>\n<p>&#8211; As 16:45, o Santo Padre vai visitar o Independence Mall, no centro da cidade, a poucos quarteir\u00f5es do Rio Delaware, e do Centro de Conven\u00e7\u00f5es, onde ter\u00e1 acontecido o Encontro Mundial das Fam\u00edlias. Estando l\u00e1 vai dirigir a palavra a uma multid\u00e3o estimada em 50.000 pessoas, especialmente \u00e0 comunidade hisp\u00e2nica local e aos imigrantes. O p\u00f3dio que utilizar\u00e1 ser\u00e1 o mesmo desde de onde Abraham Lincoln fez seu discurso mais not\u00e1vel, o Discurso de Gettysburg, na Pensilv\u00e2nia, em 1863, em tempos da guerra civil, no qual encorajava a na\u00e7\u00e3o, nas m\u00e3os de Deus, a ter um novo renascimento em paz. O Papa falaria aqui sobre os direitos migrat\u00f3rios e liberdade de religi\u00e3o.<\/p>\n<p>&#8211; \u00c0s 19:30 come\u00e7ar\u00e1 o Festival de Fam\u00edlias, no Benjamin Franklin Parkway, perto do Museu de Arte de Filad\u00e9lfia. Espera-se uma participa\u00e7\u00e3o massiva, e a presen\u00e7a do Santo Padre. V\u00e1rios cantores famosos animar\u00e3o a noite, incluindo o tenor Andrea Bocelli e o cantor de rock colombiano Juanes. A regi\u00e3o mais pr\u00f3xima do cen\u00e1rio estar\u00e1 cercada, e haver\u00e1 pontos de controle, mas a maioria dos participantes poder\u00e1 ter acesso ao parque sem nenhum tipo de restri\u00e7\u00e3o. Mais de 40 telas gigantes aproximar\u00e3o os mais distantes do cen\u00e1rio. Na zona haver\u00e1 restaurantes e postos de venda de bebida e comida. O transporte p\u00fablico estar\u00e1 funcionando ao m\u00e1ximo e aproximar\u00e1 os participantes at\u00e9 lugares pr\u00f3ximos do festival.<\/p>\n<p>O Museu de Arte de Filad\u00e9lfia vai oferecer exposi\u00e7\u00f5es relacionadas com a fam\u00edlia e estender\u00e1 o hor\u00e1rio de funcionamento durante toda a semana. Haver\u00e1 tamb\u00e9m uma corrida de 5 km, passeios de \u00f4nibus que excursionam os santu\u00e1rios cat\u00f3licos nacionais da regi\u00e3o, e v\u00e1rios entretenimentos para a fam\u00edlia. A meta de todas estas express\u00f5es \u00e9 contribuir para o fortalecimento da vida familiar.<\/p>\n<p>Programa do Domingo 27 de setembro<\/p>\n<p>&#8211; \u00c0s 9:15 da manh\u00e3 come\u00e7ar\u00e3o as atividades p\u00fablicas do \u00faltimo dia do Papa Francisco, nos Estados Unidos. O Pont\u00edfice vai se reunir no semin\u00e1rio S\u00e3o Carlos Borromeo s\u00f3 com os bispos que tenham participado do Encontro das Fam\u00edlias.<\/p>\n<p>&#8211; \u00c0s 11:00 o papa visitar\u00e1 o edif\u00edcio Correccional Curran-Fromhold, na Filad\u00e9lfia. Dialogar\u00e1 com internos e seus familiares, e com membros do staff da institui\u00e7\u00e3o. \u00c9 comum para Francisco visitar nas suas viagens a doentes, indigentes e pessoas privadas da sua liberdade. Como o expressou em uma oportunidade, simplesmente \u201cporque sinto isso\u201d, mas ao mesmo tempo, sem deixar de estar consciente de que fica uma poderosa mensagem para aqueles que o observam, muitos dos quais multiplicar\u00e3o atos de generosidade e servi\u00e7o em todo o mundo.<\/p>\n<p>&#8211; \u00c0s 16:00 horas ser\u00e1 realizada a missa de encerramento, no mesmo local onde aconteceu o Festival das Fam\u00edlias na noite anterior: no Benjamin Franklin Parkway, perto do Museu de Arte da Filad\u00e9lfia. A missa \u00e9 aberta ao p\u00fablico no geral. Espera-se que a homilia seja sobre o lema do Encontro das Fam\u00edlias: O Amor \u00e9 Nossa Miss\u00e3o, Fam\u00edlia cheia de Vida. O Papa Francisco insiste em acentuar o valor da fam\u00edlia, de v\u00ednculos est\u00e1veis, e de arbitrar os meios necess\u00e1rios para crescer na ren\u00fancia pelo outro, no amor m\u00fatuo.<\/p>\n<p>O Benjamin Franklin Parkway \u00e9 uma avenida que se estende por um quil\u00f4metro e meio, e tem v\u00e1rias atra\u00e7\u00f5es e locais de interesse, como a Bas\u00edlica de San Pedro e San Pablo, a magn\u00edfica Fonte Momorial Swann, a biblioteca livre de Filad\u00e9lfia, o Instituto Franklin, o Museu Rodin, o Museu de Arte de Filad\u00e9lfia, o jardim das esculturas com pe\u00e7as que recriam O Pensador, The Rocky, Jesus partindo o P\u00e3o, etc. Dada a riqueza das express\u00f5es de f\u00e9 que dar\u00e3o um profundo colorido na Missa, calcula-se que a mesma terminar\u00e1 \u00e0s 18:30.<\/p>\n<p>Espera-se um n\u00famero muito grande de fieis, de modo que v\u00e1rias comunidades estabeleceram a hora de partida dos seus \u00f4nibus para sua cidade de origem \u00e0s 21h. Os mesmos estar\u00e3o estacionados na regi\u00e3o da esta\u00e7\u00e3o de Metr\u00f4 AT &#038; T, cerca de oito quil\u00f4metros do lugar onde se celebra missa.<\/p>\n<p>&#8211; \u00c0s 19:00 o Papa vai se reunir com organizadores, volunt\u00e1rios e benfeitores do Encontro Mundial das Fam\u00edlias no hangar Atlantic Aviation, do Aeroporto Internacional da Filad\u00e9lfia.<\/p>\n<p>&#8211; \u00c0s 18:00, o Papa partir\u00e1 de volta a Roma. Ter\u00e1 sacudido os fundamentos da comunidade cat\u00f3lica dos Estados Unidos, levantando os esp\u00edritos com a sua simplicidade e abertura, e motivando a ser crist\u00e3os radicais. Ter\u00e1 mobilizado, de certa forma, todo um pa\u00eds, fazendo refletir de uma forma ou de outra, sobre temas quentes. Ter\u00e1 provocado, sem querer, os provocadores. Ter\u00e1 escandalizado aqueles que defendem o seu territ\u00f3rio nervosamente. Ter\u00e1 sacudido consci\u00eancias. Ter\u00e1 aberto milh\u00f5es de cora\u00e7\u00f5es a uma realidade superior, que at\u00e9 ontem, para eles, n\u00e3o existia. Mas, especialmente, ter\u00e1 tocado notas da alma em milh\u00f5es. Notas de alegria, de convers\u00e3o, de amor, de mudan\u00e7a, de generosidade. Desta forma, ter\u00e1 aberto o caminho a milh\u00f5es, a uma profunda rela\u00e7\u00e3o com Jesus.<\/p>\n<p style=\"text-align: justify;\">Fonte: Zenit<\/p>\n","protected":false},"excerpt":{"rendered":"<p>Festival de M\u00fasica, Andrea Bocelli, Juanes, alegria e divers\u00e3o, f\u00e9 e convers\u00e3o. E a Santa Missa de encerramento do Encontro Mundial das Fam\u00edlias Depois de sua viagem a Cuba, e Estados Unidos por Washington e Nova York, o Papa Francisco finalmente chegar\u00e1 a Filad\u00e9lfia, seu principal destino, no s\u00e1bado, 26 de setembro, \u00e0s 9h30, no [&hellip;]<\/p>\n","protected":false},"author":1,"featured_media":0,"comment_status":"open","ping_status":"open","sticky":false,"template":"","format":"standard","meta":{"footnotes":""},"categories":[3],"tags":[],"class_list":["post-11703","post","type-post","status-publish","format-standard","hentry","category-vaticano"],"_links":{"self":[{"href":"https:\/\/catolicanet.net\/wp-cnet\/wp-json\/wp\/v2\/posts\/11703","targetHints":{"allow":["GET"]}}],"collection":[{"href":"https:\/\/catolicanet.net\/wp-cnet\/wp-json\/wp\/v2\/posts"}],"about":[{"href":"https:\/\/catolicanet.net\/wp-cnet\/wp-json\/wp\/v2\/types\/post"}],"author":[{"embeddable":true,"href":"https:\/\/catolicanet.net\/wp-cnet\/wp-json\/wp\/v2\/users\/1"}],"replies":[{"embeddable":true,"href":"https:\/\/catolicanet.net\/wp-cnet\/wp-json\/wp\/v2\/comments?post=11703"}],"version-history":[{"count":1,"href":"https:\/\/catolicanet.net\/wp-cnet\/wp-json\/wp\/v2\/posts\/11703\/revisions"}],"predecessor-version":[{"id":28765,"href":"https:\/\/catolicanet.net\/wp-cnet\/wp-json\/wp\/v2\/posts\/11703\/revisions\/28765"}],"wp:attachment":[{"href":"https:\/\/catolicanet.net\/wp-cnet\/wp-json\/wp\/v2\/media?parent=11703"}],"wp:term":[{"taxonomy":"category","embeddable":true,"href":"https:\/\/catolicanet.net\/wp-cnet\/wp-json\/wp\/v2\/categories?post=11703"},{"taxonomy":"post_tag","embeddable":true,"href":"https:\/\/catolicanet.net\/wp-cnet\/wp-json\/wp\/v2\/tags?post=11703"}],"curies":[{"name":"wp","href":"https:\/\/api.w.org\/{rel}","templated":true}]}}