{"id":11688,"date":"2015-09-18T11:45:01","date_gmt":"2015-09-18T14:45:01","guid":{"rendered":"http:\/\/catolicanet.net\/wp-cnet\/2015\/09\/18\/papa-francisco-conclui-ciclo-de-catequeses-sobre-a-familia\/"},"modified":"2017-05-26T16:39:46","modified_gmt":"2017-05-26T19:39:46","slug":"papa-francisco-conclui-ciclo-de-catequeses-sobre-a-familia","status":"publish","type":"post","link":"https:\/\/catolicanet.net\/wp-cnet\/papa-francisco-conclui-ciclo-de-catequeses-sobre-a-familia\/","title":{"rendered":"Papa Francisco conclui ciclo de catequeses sobre a fam\u00edlia"},"content":{"rendered":"<p style=\"text-align: justify;\"> <img decoding=\"async\" src=\"http:\/\/catolicanet.com.br\/images\/stories\/papa17092015.jpg\" border=\"0\" align=\"left\" \/>As reflex\u00f5es prepararam os fi\u00e9is para o Encontro Mundial das Fam\u00edlias <\/p>\n<p>A pra\u00e7a de S\u00e3o Pedro recebeu mais de 30 mil fi\u00e9is e peregrinos para audi\u00eancia geral com o papa Francisco, na quarta-feira, 16 de setembro. Na ocasi\u00e3o, o pont\u00edfice encerrou a s\u00e9rie de catequeses sobre a fam\u00edlia, em prepara\u00e7\u00e3o ao Encontro Mundial das Fam\u00edlias, com in\u00edcio no pr\u00f3ximo dia 22, na Filad\u00e9lfia. <\/p>\n<p>A Confer\u00eancia Nacional dos Bispos do Brasil ser\u00e1 representada, no evento, pelo bispo de Osasco (SP) e presidente da Comiss\u00e3o Episcopal Pastoral para a Vida e a Fam\u00edlia, dom Jo\u00e3o Bosco Barbosa, e pelo padre Moacir Arantes, assessor da Comiss\u00e3o Nacional da Pastoral Familiar (CNPF). <\/p>\n<p>Em dezembro do ano passado, o papa Francisco prop\u00f4s ciclo de reflex\u00f5es sobre a vida e a fam\u00edlia, tamb\u00e9m em prepara\u00e7\u00e3o \u00e0 13\u00aa Assembleia Geral do S\u00ednodo dos Bispos, que acontecer\u00e1 de 4 a 25 de outubro, no Vaticano. <\/p>\n<p>\u201cConclu\u00edmos as reflex\u00f5es sobre a fam\u00edlia, hoje, nas v\u00e9speras do Encontro Mundial das fam\u00edlias na Filad\u00e9lfia e do S\u00ednodo dos Bispos aqui em Roma, dois acontecimentos que dar\u00e3o nova luz \u00e0 dimens\u00e3o universal desta comunidade humana fundamental e insubstitu\u00edvel que \u00e9 a fam\u00edlia\u201d, recordou Francisco.<\/p>\n<p>Durante a reflex\u00e3o, o papa alertou que diante da mentalidade materialista que impera sobre a humanidade, \u201c\u00e9 preciso promover uma nova alian\u00e7a entre o homem e a mulher que possa orientar a pol\u00edtica, a economia e a conviv\u00eancia civil\u201d.<br \/>Fam\u00edlia no mundo<\/p>\n<p>Ao destacar o valor da fam\u00edlia na vida em sociedade, o papa falou da miss\u00e3o do homem e da mulher no projeto divino. \u201cDeus confiou \u00e0 fam\u00edlia o projeto de tornar \u2018dom\u00e9stico\u2019 o mundo. Assim que tudo o que acontece entre o homem e a mulher deixa marcas na cria\u00e7\u00e3o; em concreto, o pecado original \u2013 a rejei\u00e7\u00e3o \u00e0 b\u00ean\u00e7\u00e3o de Deus, deixou o mundo doente. Mas, Deus nunca abandonou o homem; no livro do G\u00eanesis, a promessa feita \u00e0 mulher parece garantir a cada nova gera\u00e7\u00e3o uma b\u00ean\u00e7\u00e3o especial para defender-se do maligno\u201d, explicou o pont\u00edfice.<\/p>\n<p>Ainda sobre a voca\u00e7\u00e3o dos casais, o papa disse ser preciso \u201cter certeza que cada fam\u00edlia \u00e9 uma b\u00ean\u00e7\u00e3o para o mundo, at\u00e9 ao final da hist\u00f3ria\u201d.<\/p>\n<p style=\"text-align: justify;\">Ao final da catequese, saudou os peregrinos de l\u00edngua portuguesa presentes na audi\u00eancia e as fam\u00edlias. Dirigiu sauda\u00e7\u00e3o particular aos membros da Funda\u00e7\u00e3o \u201cF\u00e9 e Coopera\u00e7\u00e3o\u201d de Portugal e aos grupos de brasileiros. \u201cDeixa-vos guiar pela ternura divina, para que possais transformar o mundo com a vossa f\u00e9\u201d, conclui Francisco, aben\u00e7oando os fi\u00e9is.<\/p>\n<p style=\"text-align: justify;\">CNBB com informa\u00e7\u00f5es e foto do News.va<\/p>\n<p style=\"text-align: justify;\">Fonte: CNBB<\/p>\n","protected":false},"excerpt":{"rendered":"<p>As reflex\u00f5es prepararam os fi\u00e9is para o Encontro Mundial das Fam\u00edlias A pra\u00e7a de S\u00e3o Pedro recebeu mais de 30 mil fi\u00e9is e peregrinos para audi\u00eancia geral com o papa Francisco, na quarta-feira, 16 de setembro. Na ocasi\u00e3o, o pont\u00edfice encerrou a s\u00e9rie de catequeses sobre a fam\u00edlia, em prepara\u00e7\u00e3o ao Encontro Mundial das Fam\u00edlias, [&hellip;]<\/p>\n","protected":false},"author":1,"featured_media":0,"comment_status":"open","ping_status":"open","sticky":false,"template":"","format":"standard","meta":{"footnotes":""},"categories":[7],"tags":[],"class_list":["post-11688","post","type-post","status-publish","format-standard","hentry","category-cnbb"],"_links":{"self":[{"href":"https:\/\/catolicanet.net\/wp-cnet\/wp-json\/wp\/v2\/posts\/11688","targetHints":{"allow":["GET"]}}],"collection":[{"href":"https:\/\/catolicanet.net\/wp-cnet\/wp-json\/wp\/v2\/posts"}],"about":[{"href":"https:\/\/catolicanet.net\/wp-cnet\/wp-json\/wp\/v2\/types\/post"}],"author":[{"embeddable":true,"href":"https:\/\/catolicanet.net\/wp-cnet\/wp-json\/wp\/v2\/users\/1"}],"replies":[{"embeddable":true,"href":"https:\/\/catolicanet.net\/wp-cnet\/wp-json\/wp\/v2\/comments?post=11688"}],"version-history":[{"count":1,"href":"https:\/\/catolicanet.net\/wp-cnet\/wp-json\/wp\/v2\/posts\/11688\/revisions"}],"predecessor-version":[{"id":24060,"href":"https:\/\/catolicanet.net\/wp-cnet\/wp-json\/wp\/v2\/posts\/11688\/revisions\/24060"}],"wp:attachment":[{"href":"https:\/\/catolicanet.net\/wp-cnet\/wp-json\/wp\/v2\/media?parent=11688"}],"wp:term":[{"taxonomy":"category","embeddable":true,"href":"https:\/\/catolicanet.net\/wp-cnet\/wp-json\/wp\/v2\/categories?post=11688"},{"taxonomy":"post_tag","embeddable":true,"href":"https:\/\/catolicanet.net\/wp-cnet\/wp-json\/wp\/v2\/tags?post=11688"}],"curies":[{"name":"wp","href":"https:\/\/api.w.org\/{rel}","templated":true}]}}