{"id":11679,"date":"2015-09-17T16:35:51","date_gmt":"2015-09-17T19:35:51","guid":{"rendered":"http:\/\/catolicanet.net\/wp-cnet\/2015\/09\/17\/todas-as-catequeses-do-papa-sobre-a-familia-em-um-livro\/"},"modified":"2017-06-02T14:33:53","modified_gmt":"2017-06-02T17:33:53","slug":"todas-as-catequeses-do-papa-sobre-a-familia-em-um-livro","status":"publish","type":"post","link":"https:\/\/catolicanet.net\/wp-cnet\/todas-as-catequeses-do-papa-sobre-a-familia-em-um-livro\/","title":{"rendered":"Todas as catequeses do Papa sobre a fam\u00edlia em um livro"},"content":{"rendered":"<p style=\"text-align: justify;\"><img decoding=\"async\" src=\"http:\/\/catolicanet.com.br\/images\/stories\/00afp3792188_articolo.jpg\" border=\"0\" align=\"left\" \/>Est\u00e1 \u00e0 venda desde quinta-feira (16\/09) nas livrarias da It\u00e1lia o livro \u201cA Fam\u00edlia gera o mundo. As catequeses da quarta-feira\u201d, que coleta as reflex\u00f5es do Papa sobre a fam\u00edlia oferecidas aos fi\u00e9is durante as audi\u00eancias gerais no per\u00edodo de 10 de dezembro de 2014 at\u00e9 a \u00faltima sobre este tema (16\/09). <\/p>\n<p>Publicado pela Livraria e Editora Vaticana em ingl\u00eas, espanhol e italiano, faz parte da cole\u00e7\u00e3o \u201cFam\u00edlia e Vida\u201d dirigida pelo Padre Gianfranco Grieco, oficial do Pontif\u00edcio Conselho para a Fam\u00edlia. <\/p>\n<p>\u201cEntre as duas assembleias sinodais sobre a fam\u00edlia \u2013 de outubro de 2014 a este ano \u2013 Francisco nos doou um ciclo org\u00e2nico de catequeses sobre a fam\u00edlia.\u00a0 O Pontif\u00edcio Conselho considerou oportuno recolh\u00ea-las e apresent\u00e1-las ao p\u00fablico, oferecendo toda a sua profundidade pastoral e espiritual\u201d, escreve no pref\u00e1cio o Arcebispo Vincenzo Paglia, Presidente do dicast\u00e9rio.<\/p>\n<p>Neste ciclo de catequeses, o Pont\u00edfice come\u00e7ou por Nazar\u00e9, pela fam\u00edlia composta por Jesus, Maria e Jos\u00e9, focando especialmente o papel desempenhado pelas m\u00e3es, pais, irm\u00e3os, av\u00f3s, crian\u00e7as, homem e mulher, o matrim\u00f4nio, as palavras \u201ccom licen\u00e7a, obrigado e desculpa\u201d, a educa\u00e7\u00e3o, o noivado, a pobreza, a doen\u00e7a, o luto, as feridas, a festa, o trabalho e a ora\u00e7\u00e3o\u201d.<\/p>\n","protected":false},"excerpt":{"rendered":"<p>Est\u00e1 \u00e0 venda desde quinta-feira (16\/09) nas livrarias da It\u00e1lia o livro \u201cA Fam\u00edlia gera o mundo. As catequeses da quarta-feira\u201d, que coleta as reflex\u00f5es do Papa sobre a fam\u00edlia oferecidas aos fi\u00e9is durante as audi\u00eancias gerais no per\u00edodo de 10 de dezembro de 2014 at\u00e9 a \u00faltima sobre este tema (16\/09). Publicado pela Livraria [&hellip;]<\/p>\n","protected":false},"author":1,"featured_media":0,"comment_status":"open","ping_status":"open","sticky":false,"template":"","format":"standard","meta":{"footnotes":""},"categories":[3],"tags":[],"class_list":["post-11679","post","type-post","status-publish","format-standard","hentry","category-vaticano"],"_links":{"self":[{"href":"https:\/\/catolicanet.net\/wp-cnet\/wp-json\/wp\/v2\/posts\/11679","targetHints":{"allow":["GET"]}}],"collection":[{"href":"https:\/\/catolicanet.net\/wp-cnet\/wp-json\/wp\/v2\/posts"}],"about":[{"href":"https:\/\/catolicanet.net\/wp-cnet\/wp-json\/wp\/v2\/types\/post"}],"author":[{"embeddable":true,"href":"https:\/\/catolicanet.net\/wp-cnet\/wp-json\/wp\/v2\/users\/1"}],"replies":[{"embeddable":true,"href":"https:\/\/catolicanet.net\/wp-cnet\/wp-json\/wp\/v2\/comments?post=11679"}],"version-history":[{"count":1,"href":"https:\/\/catolicanet.net\/wp-cnet\/wp-json\/wp\/v2\/posts\/11679\/revisions"}],"predecessor-version":[{"id":28669,"href":"https:\/\/catolicanet.net\/wp-cnet\/wp-json\/wp\/v2\/posts\/11679\/revisions\/28669"}],"wp:attachment":[{"href":"https:\/\/catolicanet.net\/wp-cnet\/wp-json\/wp\/v2\/media?parent=11679"}],"wp:term":[{"taxonomy":"category","embeddable":true,"href":"https:\/\/catolicanet.net\/wp-cnet\/wp-json\/wp\/v2\/categories?post=11679"},{"taxonomy":"post_tag","embeddable":true,"href":"https:\/\/catolicanet.net\/wp-cnet\/wp-json\/wp\/v2\/tags?post=11679"}],"curies":[{"name":"wp","href":"https:\/\/api.w.org\/{rel}","templated":true}]}}