{"id":11670,"date":"2015-09-16T17:31:12","date_gmt":"2015-09-16T20:31:12","guid":{"rendered":"http:\/\/catolicanet.net\/wp-cnet\/2015\/09\/16\/arcebispo-cubano-visita-do-papa-servira-para-continuar-evangelizando-o-pais\/"},"modified":"2017-05-30T15:58:19","modified_gmt":"2017-05-30T18:58:19","slug":"arcebispo-cubano-visita-do-papa-servira-para-continuar-evangelizando-o-pais","status":"publish","type":"post","link":"https:\/\/catolicanet.net\/wp-cnet\/arcebispo-cubano-visita-do-papa-servira-para-continuar-evangelizando-o-pais\/","title":{"rendered":"Arcebispo cubano: Visita do Papa servir\u00e1 para continuar evangelizando o pa\u00eds"},"content":{"rendered":"<p style=\"text-align: justify;\"><img decoding=\"async\" src=\"http:\/\/catolicanet.com.br\/images\/stories\/francisco_petrikbohumilaciprensa_140915.jpg\" border=\"0\" align=\"left\" \/>O Presidente da Confer\u00eancia de Bispos Cat\u00f3licos de Cuba (COCC), Dom Dionisio Garc\u00eda, indicou que a visita do Papa Francisco n\u00e3o deve ser vista como um evento, mas como um processo que sirva para continuar o trabalho evangelizador e mission\u00e1rio, inserida na pastoral da Igreja em Cuba.<\/p>\n<p>Em uma entrevista divulgada no site do Episcopado, Dom Garc\u00eda afirmou que \u201ca visita do Santo Padre a uma igreja particular sempre deixa muito: seu magist\u00e9rio, o encontro com as pessoas, a participa\u00e7\u00e3o dos fi\u00e9is e do povo, em tantos contatos realizados e que depois perduram no tempo\u201d.<\/p>\n<p>Nesse sentido, assinalou que \u201cn\u00e3o quer\u00edamos que esta visita fosse considerada um evento que acaba, a qual foi preparada durante quatro meses\u201d, mas que esta visita \u201cseja introduzida na nossa pastoral\u201d.<\/p>\n<p>\u201cUm dos principais temas da nossa pastoral \u00e9 a miss\u00e3o e as comunidades, e a prepara\u00e7\u00e3o desta visita j\u00e1 est\u00e1 nos ajudando a realizar estes dois aspectos. Os outros s\u00e3o: a fam\u00edlia e a forma\u00e7\u00e3o\u201d, indicou o Arcebispo.<\/p>\n<p>Dom Garc\u00eda disse ainda que espera que a visita do Pont\u00edfice \u201csirva para que continuemos nosso trabalho evangelizador e mission\u00e1rio\u201d. \u201cQuando uma comunidade se torna consciente da sua miss\u00e3o evangelizadora, podemos dizer que esta \u00e9 uma comunidade consolidada. Comprovamos, por exemplo, com as anteriores experi\u00eancias das visitas de S\u00e3o Jo\u00e3o Paulo II e Bento XVI, e com a experi\u00eancia do Ano Jubilar\u201d, afirmou.<\/p>\n<p>Mission\u00e1rio da Miseric\u00f3rdia<\/p>\n<p>Durante a entrevista, o Arcebispo de Santiago de Cuba recordou que o Santo Padre chegar\u00e1 \u00e0 ilha como Mission\u00e1rio da Miseric\u00f3rdia. Indicou que em Cuba precisam experimentar a miseric\u00f3rdia de Deus. \u201cTemos muitas feridas que devem ser curadas em todos os \u00e2mbitos da vida, pessoais, sociais, familiares\u2026 muitas fam\u00edlias divididas por tantas coisas, pelas separa\u00e7\u00f5es, alguns fora do pa\u00eds e outros dentro, existem separa\u00e7\u00f5es por diferentes formas de pensar\u2026 os cubanos precisam experimentar a miseric\u00f3rdia, o perd\u00e3o, a reconcilia\u00e7\u00e3o\u201d.<\/p>\n<p>\u201cEle nos falar\u00e1 da miseric\u00f3rdia do Pai, que entrega o seu filho para nos salvar, e nos pedir\u00e1 que procuremos construir uma p\u00e1tria melhor (\u2026) baseada na justi\u00e7a, na fraternidade entre cubanos, apoiada pela participa\u00e7\u00e3o de todos, uma p\u00e1tria comum atrav\u00e9s da qual ningu\u00e9m se sinta exclu\u00eddo\u201d, assinalou.<\/p>\n<p>Em seguida, indicou que \u201cpara isso \u00e9 necess\u00e1rio ter um cora\u00e7\u00e3o misericordioso\u201d, aberto ao perd\u00e3o e \u201c\u00e0 disponibilidade de di\u00e1logo\u201d, estarmos \u201csempre atentos aos mais necessitados e aos mais vulner\u00e1veis da nossa sociedade\u201d.<\/p>\n<p>\u201cCom certeza, este apelo ser\u00e1 parte da sua mensagem, Deus derrama sua miseric\u00f3rdia sobre nosso povo e nos torna respons\u00e1veis, a fim de que sejamos misericordiosos com outros\u201d, acrescentou.<\/p>\n<p>O Presidente do Episcopado assinalou que \u00e9 ut\u00f3pico pensar \u201cque as leis ou o cumprimento das leis podem tornar uma sociedade perfeita, n\u00e3o \u00e9 verdade, pois \u00e0s vezes as leis s\u00e3o ambivalentes, o que conta \u00e9 o cora\u00e7\u00e3o\u201d.<\/p>\n<p>\u201cSomente atrav\u00e9s das leis n\u00e3o resolvemos os problemas, \u00e9 necess\u00e1rio que o esp\u00edrito da lei, que \u00e9 ou deveria ser, procurar que o bem de cada homem prevale\u00e7a. Isso \u00e9 o que espero que o Papa nos exorte, que tudo o que fa\u00e7amos esteja impregnado pela miseric\u00f3rdia de Deus e por nossa a\u00e7\u00e3o misericordiosa\u201d, expressou Dom Garc\u00eda.<\/p>\n<p>Etiquetas: Viagem do Papa Francisco \u00e0 Cuba, Papa Francisco, Igreja Cat\u00f3lica, Cuba<\/p>\n<p style=\"text-align: justify;\">Fonte: Acidigital<\/p>\n","protected":false},"excerpt":{"rendered":"<p>O Presidente da Confer\u00eancia de Bispos Cat\u00f3licos de Cuba (COCC), Dom Dionisio Garc\u00eda, indicou que a visita do Papa Francisco n\u00e3o deve ser vista como um evento, mas como um processo que sirva para continuar o trabalho evangelizador e mission\u00e1rio, inserida na pastoral da Igreja em Cuba. Em uma entrevista divulgada no site do Episcopado, [&hellip;]<\/p>\n","protected":false},"author":1,"featured_media":0,"comment_status":"open","ping_status":"open","sticky":false,"template":"","format":"standard","meta":{"footnotes":""},"categories":[3],"tags":[],"class_list":["post-11670","post","type-post","status-publish","format-standard","hentry","category-vaticano"],"_links":{"self":[{"href":"https:\/\/catolicanet.net\/wp-cnet\/wp-json\/wp\/v2\/posts\/11670","targetHints":{"allow":["GET"]}}],"collection":[{"href":"https:\/\/catolicanet.net\/wp-cnet\/wp-json\/wp\/v2\/posts"}],"about":[{"href":"https:\/\/catolicanet.net\/wp-cnet\/wp-json\/wp\/v2\/types\/post"}],"author":[{"embeddable":true,"href":"https:\/\/catolicanet.net\/wp-cnet\/wp-json\/wp\/v2\/users\/1"}],"replies":[{"embeddable":true,"href":"https:\/\/catolicanet.net\/wp-cnet\/wp-json\/wp\/v2\/comments?post=11670"}],"version-history":[{"count":1,"href":"https:\/\/catolicanet.net\/wp-cnet\/wp-json\/wp\/v2\/posts\/11670\/revisions"}],"predecessor-version":[{"id":24663,"href":"https:\/\/catolicanet.net\/wp-cnet\/wp-json\/wp\/v2\/posts\/11670\/revisions\/24663"}],"wp:attachment":[{"href":"https:\/\/catolicanet.net\/wp-cnet\/wp-json\/wp\/v2\/media?parent=11670"}],"wp:term":[{"taxonomy":"category","embeddable":true,"href":"https:\/\/catolicanet.net\/wp-cnet\/wp-json\/wp\/v2\/categories?post=11670"},{"taxonomy":"post_tag","embeddable":true,"href":"https:\/\/catolicanet.net\/wp-cnet\/wp-json\/wp\/v2\/tags?post=11670"}],"curies":[{"name":"wp","href":"https:\/\/api.w.org\/{rel}","templated":true}]}}