{"id":11645,"date":"2015-09-15T17:36:19","date_gmt":"2015-09-15T20:36:19","guid":{"rendered":"http:\/\/catolicanet.net\/wp-cnet\/2015\/09\/15\/papa-francisco-ha-um-problema-mundial-que-e-a-corrupcao\/"},"modified":"2017-05-31T16:10:58","modified_gmt":"2017-05-31T19:10:58","slug":"papa-francisco-ha-um-problema-mundial-que-e-a-corrupcao","status":"publish","type":"post","link":"https:\/\/catolicanet.net\/wp-cnet\/papa-francisco-ha-um-problema-mundial-que-e-a-corrupcao\/","title":{"rendered":"Papa Francisco: h\u00e1 um problema mundial que \u00e9 a corrup\u00e7\u00e3o"},"content":{"rendered":"<p style=\"text-align: justify;\"><img decoding=\"async\" src=\"http:\/\/catolicanet.com.br\/images\/stories\/dsc9616.jpg\" border=\"0\" align=\"left\" \/>&#8220;Hoje em dia, o mundo est\u00e1 em guerra contra si mesmo, ou seja, o mundo est\u00e1 em guerra, como <\/p>\n<p>Em entrevista exclusiva \u00e0 Renascen\u00e7a, o Papa Francisco diz que as pessoas est\u00e3o desiludidas com a \u201ccorrup\u00e7\u00e3o a todos os n\u00edveis\u201d.<br \/>Esta entrevista acontece em plena crise dos refugiados. Santo Padre, como est\u00e1 a viver esta situa\u00e7\u00e3o?<\/p>\n<p>\u00c9 a ponta de um icebergue. Vemos estes refugiados, esta pobre gente que escapa da guerra, que escapa da fome, mas essa \u00e9 a ponta do icebergue. Porque debaixo dele, est\u00e1 a causa. E a causa \u00e9 um sistema socioecon\u00f4mico mau e injusto, porque dentro de um sistema econ\u00f4mico (dentro do mundo, falando do problema ecol\u00f3gico, da sociedade socioecon\u00f4mica, da pol\u00edtica) o centro tem de ser sempre a pessoa. E o sistema econ\u00f4mico dominante, hoje em dia, descentrou a pessoa, colocando no centro o deus dinheiro, que \u00e9 o \u00eddolo da moda. Ou seja, h\u00e1 estat\u00edsticas, n\u00e3o me recordo bem (isto n\u00e3o \u00e9 exato e posso equivocar-me), mas 17% da popula\u00e7\u00e3o mundial det\u00e9m 80% das riquezas.<\/p>\n<p>No Angelus de 6 de Setembro, lan\u00e7ou o desafio \u00e0s par\u00f3quias para que acolham refugiados. J\u00e1 houve rea\u00e7\u00f5es? O que espera em concreto?<\/p>\n<p>O que eu pedi foi isto: que cada par\u00f3quia, cada instituto religioso, cada mosteiro, acolha uma fam\u00edlia. Uma fam\u00edlia, n\u00e3o uma pessoa. Uma fam\u00edlia d\u00e1 mais seguran\u00e7a de conten\u00e7\u00e3o, um pouco para evitar que haja infiltra\u00e7\u00f5es de outro tipo. Quando digo que uma par\u00f3quia deve acolher uma fam\u00edlia, n\u00e3o digo que tenham de ir viver para a casa do padre, para a casa paroquial, mas que toda a comunidade paroquial veja se h\u00e1 um lugar, um canto num col\u00e9gio para a\u00ed se fazer um pequeno apartamento ou, na pior das hip\u00f3teses, que arrendem um modesto apartamento para essa fam\u00edlia; mas que tenham um teto, que sejam acolhidos e que se integrem na comunidade. J\u00e1 tive muitas rea\u00e7\u00f5es, muitas, muitas. H\u00e1 conventos que est\u00e3o quase vazios.<\/p>\n<p>H\u00e1 dois anos, o Santo Padre j\u00e1 fez esse apelo e que resultados \u00e9 que houve?<\/p>\n<p>S\u00f3 quatro. Um deles, dos jesu\u00edtas (risos); muito bem, os jesu\u00edtas! Mas o assunto \u00e9 s\u00e9rio, porque a\u00ed tamb\u00e9m h\u00e1 a tenta\u00e7\u00e3o do deus dinheiro. Algumas congrega\u00e7\u00f5es dizem \u201cN\u00e3o, agora que o convento est\u00e1 vazio, vamos fazer um hotel e podemos receber pessoas e, com isso, sustentamo-nos ou ganhamos dinheiro\u201d. Pois bem, se quereis fazer isso, pagai os impostos! Um col\u00e9gio religioso, por ser religioso est\u00e1 isento de impostos, mas se funciona como hotel, ent\u00e3o, que pague os impostos como qualquer vizinho do lado. Sen\u00e3o, o neg\u00f3cio n\u00e3o \u00e9 limpo.<\/p>\n<p>O Santo Padre fala disso na sua \u00faltima enc\u00edclica e pede para as popula\u00e7\u00f5es estarem mais conscientes. No entanto, verifica-se muita absten\u00e7\u00e3o. Se vemos os resultados das elei\u00e7\u00f5es, a absten\u00e7\u00e3o \u00e9 quase maior do que um partido\u2026<\/p>\n<p>Porque a gente est\u00e1 desiludida. Em parte, por causa da corrup\u00e7\u00e3o, em parte pela inefic\u00e1cia, em parte pelos compromissos assumidos anteriormente. E, no entanto, a Europa \u2013 volto a dizer o que disse em Estrasburgo \u2013 tem que desempenhar o seu papel, ou seja, recuperar a sua identidade. \u00c9 verdade que a Europa se enganou \u2013 n\u00e3o estou a criticar, mas s\u00f3 a recordar \u2013, quando quis falar da sua identidade sem querer reconhecer o mais profundo da sua identidade, que \u00e9 a sua raiz crist\u00e3, n\u00e3o foi? A\u00ed enganou-se. Bom, mas todos nos enganamos na vida\u2026 est\u00e1 a tempo de recuperar a sua f\u00e9.<\/p>\n<p>Diz que prefere uma igreja acidentada a uma igreja estagnada. O que entende por \u201cigreja acidentada\u201d?<\/p>\n<p>Sim, eu explico: \u00e9 uma imagem de vida. Se uma pessoa tem em sua casa uma divis\u00e3o, um quarto, fechado durante muito tempo, surge a humildade, o mofo e o mau cheiro. Se uma igreja, uma par\u00f3quia, uma diocese, um instituto, vive fechada em si mesmo, adoece (acontece o mesmo com o quarto fechado) e ficamos com uma Igreja raqu\u00edtica, com normas r\u00edgidas, sem criatividade, segura, mais que segura, assegurada por uma companhia de seguros, mas n\u00e3o segura! Pelo contr\u00e1rio, se sai \u2013 se uma igreja, uma par\u00f3quia saem \u2013 l\u00e1 para fora, a evangelizar, pode acontecer-lhe o mesmo que acontece a qualquer pessoa que sai para a rua: ter um acidente. Ent\u00e3o, entre uma igreja doente e uma Igreja acidentada, prefiro uma acidentada porque, pelo menos, saiu para a rua.<\/p>\n<p>E aqui, quero repetir uma coisa que j\u00e1 disse noutra ocasi\u00e3o: na B\u00edblia, no Apocalipse, h\u00e1 uma coisa linda de Jesus, creio que no segundo cap\u00edtulo (no final do primeiro ou no segundo), em que est\u00e1 a falar a uma Igreja e diz: \u201cEstou \u00e0 porta e chamo\u201d \u2013 Jesus est\u00e1 a bater \u2013 \u201cSe me abres a porta, entro e vou comer contigo\u201d. Mas eu pergunto: quantas vezes, na Igreja, Jesus bate \u00e0 porta, mas do lado de dentro, para que O deixemos sair a anunciar o reino? Por vezes, apropriamo-nos de Jesus s\u00f3 para n\u00f3s, e esquecemo-nos que uma Igreja que n\u00e3o est\u00e1 em sa\u00edda, uma Igreja que n\u00e3o sai, mant\u00e9m Jesus preso, aprisionado.<\/p>\n<p>(Leia a \u00edntegra aqui:\u00a0 http:\/\/rr.sapo.pt\/noticia\/34067\/entrevista_ao_papa_tenho_confianca_nos_politicos_jovens_ha_um_problema_mundial_que_e_a_corrupcao)<\/p>\n<p style=\"text-align: justify;\">Fonte: Aleteia<\/p>\n","protected":false},"excerpt":{"rendered":"<p>&#8220;Hoje em dia, o mundo est\u00e1 em guerra contra si mesmo, ou seja, o mundo est\u00e1 em guerra, como Em entrevista exclusiva \u00e0 Renascen\u00e7a, o Papa Francisco diz que as pessoas est\u00e3o desiludidas com a \u201ccorrup\u00e7\u00e3o a todos os n\u00edveis\u201d.Esta entrevista acontece em plena crise dos refugiados. Santo Padre, como est\u00e1 a viver esta situa\u00e7\u00e3o? [&hellip;]<\/p>\n","protected":false},"author":1,"featured_media":0,"comment_status":"open","ping_status":"open","sticky":false,"template":"","format":"standard","meta":{"footnotes":""},"categories":[4],"tags":[],"class_list":["post-11645","post","type-post","status-publish","format-standard","hentry","category-cotidiano"],"_links":{"self":[{"href":"https:\/\/catolicanet.net\/wp-cnet\/wp-json\/wp\/v2\/posts\/11645","targetHints":{"allow":["GET"]}}],"collection":[{"href":"https:\/\/catolicanet.net\/wp-cnet\/wp-json\/wp\/v2\/posts"}],"about":[{"href":"https:\/\/catolicanet.net\/wp-cnet\/wp-json\/wp\/v2\/types\/post"}],"author":[{"embeddable":true,"href":"https:\/\/catolicanet.net\/wp-cnet\/wp-json\/wp\/v2\/users\/1"}],"replies":[{"embeddable":true,"href":"https:\/\/catolicanet.net\/wp-cnet\/wp-json\/wp\/v2\/comments?post=11645"}],"version-history":[{"count":1,"href":"https:\/\/catolicanet.net\/wp-cnet\/wp-json\/wp\/v2\/posts\/11645\/revisions"}],"predecessor-version":[{"id":27027,"href":"https:\/\/catolicanet.net\/wp-cnet\/wp-json\/wp\/v2\/posts\/11645\/revisions\/27027"}],"wp:attachment":[{"href":"https:\/\/catolicanet.net\/wp-cnet\/wp-json\/wp\/v2\/media?parent=11645"}],"wp:term":[{"taxonomy":"category","embeddable":true,"href":"https:\/\/catolicanet.net\/wp-cnet\/wp-json\/wp\/v2\/categories?post=11645"},{"taxonomy":"post_tag","embeddable":true,"href":"https:\/\/catolicanet.net\/wp-cnet\/wp-json\/wp\/v2\/tags?post=11645"}],"curies":[{"name":"wp","href":"https:\/\/api.w.org\/{rel}","templated":true}]}}