{"id":11637,"date":"2015-09-15T14:49:45","date_gmt":"2015-09-15T17:49:45","guid":{"rendered":"http:\/\/catolicanet.net\/wp-cnet\/2015\/09\/15\/meio-milhao-de-brasileiros-entre-15-e-17-anos-contrairam-matrimonio\/"},"modified":"2017-05-31T15:49:35","modified_gmt":"2017-05-31T18:49:35","slug":"meio-milhao-de-brasileiros-entre-15-e-17-anos-contrairam-matrimonio","status":"publish","type":"post","link":"https:\/\/catolicanet.net\/wp-cnet\/meio-milhao-de-brasileiros-entre-15-e-17-anos-contrairam-matrimonio\/","title":{"rendered":"Meio milh\u00e3o de brasileiros, entre 15 e 17 anos, contra\u00edram matrim\u00f4nio"},"content":{"rendered":"<p style=\"text-align: justify;\">\u00c9 o resultado de um estudo que acaba de ser divulgado na capital do pa\u00eds, Bras\u00edlia. Realizado pelo Instituto Promundo<\/p>\n<p>Cerca de 90 mil menores com idade entre 10 a 14 anos em 2010 resultavam regularmente casados no Brasil, enquanto outro meio milh\u00e3o havia contra\u00eddo matrim\u00f4nio entre 15 e 17 anos. A not\u00edcia foi dada pela Ag\u00eancia Fides.<\/p>\n<p>Este \u00e9 o resultado de um estudo que acaba de ser divulgado na capital do pa\u00eds, Bras\u00edlia. Realizado pelo Instituto Promundo, ong brasileira, com o Fundo das Na\u00e7\u00f5es Unidas para a Inf\u00e2ncia e a Funda\u00e7\u00e3o sem fins lucrativos estadunidense Ford, o relat\u00f3rio faz refer\u00eancia ao censo nacional de 2010 e a uma pesquisa aut\u00f4noma realizada particularmente nos Estados do Par\u00e1, no norte, e Maranh\u00e3o, no nordeste.<\/p>\n<p>Essas duas regi\u00f5es do Brasil, que est\u00e3o entre as mais pobres do pa\u00eds, s\u00e3o as que registram maior incid\u00eancia de matrim\u00f4nios infantis e entre adolescentes, que em muitos casos s\u00e3o devidos a problemas econ\u00f4micos e culturais. Segundo a legislatura brasileira, o matrim\u00f4nio \u00e9 previsto somente a partir da maioridade, que no pa\u00eds \u00e9 de 18 anos. Todavia, a mesma lei estabelece algumas exce\u00e7\u00f5es, como o consenso dos pais dos noivos na faixa et\u00e1ria entre 16 e 18 anos ou uma autoriza\u00e7\u00e3o judicial e familiar em caso de gravidez.<\/p>\n<p style=\"text-align: justify;\">Fonte: Zenit<\/p>\n","protected":false},"excerpt":{"rendered":"<p>\u00c9 o resultado de um estudo que acaba de ser divulgado na capital do pa\u00eds, Bras\u00edlia. Realizado pelo Instituto Promundo Cerca de 90 mil menores com idade entre 10 a 14 anos em 2010 resultavam regularmente casados no Brasil, enquanto outro meio milh\u00e3o havia contra\u00eddo matrim\u00f4nio entre 15 e 17 anos. A not\u00edcia foi dada [&hellip;]<\/p>\n","protected":false},"author":1,"featured_media":0,"comment_status":"open","ping_status":"open","sticky":false,"template":"","format":"standard","meta":{"footnotes":""},"categories":[4],"tags":[],"class_list":["post-11637","post","type-post","status-publish","format-standard","hentry","category-cotidiano"],"_links":{"self":[{"href":"https:\/\/catolicanet.net\/wp-cnet\/wp-json\/wp\/v2\/posts\/11637","targetHints":{"allow":["GET"]}}],"collection":[{"href":"https:\/\/catolicanet.net\/wp-cnet\/wp-json\/wp\/v2\/posts"}],"about":[{"href":"https:\/\/catolicanet.net\/wp-cnet\/wp-json\/wp\/v2\/types\/post"}],"author":[{"embeddable":true,"href":"https:\/\/catolicanet.net\/wp-cnet\/wp-json\/wp\/v2\/users\/1"}],"replies":[{"embeddable":true,"href":"https:\/\/catolicanet.net\/wp-cnet\/wp-json\/wp\/v2\/comments?post=11637"}],"version-history":[{"count":1,"href":"https:\/\/catolicanet.net\/wp-cnet\/wp-json\/wp\/v2\/posts\/11637\/revisions"}],"predecessor-version":[{"id":26957,"href":"https:\/\/catolicanet.net\/wp-cnet\/wp-json\/wp\/v2\/posts\/11637\/revisions\/26957"}],"wp:attachment":[{"href":"https:\/\/catolicanet.net\/wp-cnet\/wp-json\/wp\/v2\/media?parent=11637"}],"wp:term":[{"taxonomy":"category","embeddable":true,"href":"https:\/\/catolicanet.net\/wp-cnet\/wp-json\/wp\/v2\/categories?post=11637"},{"taxonomy":"post_tag","embeddable":true,"href":"https:\/\/catolicanet.net\/wp-cnet\/wp-json\/wp\/v2\/tags?post=11637"}],"curies":[{"name":"wp","href":"https:\/\/api.w.org\/{rel}","templated":true}]}}