{"id":11618,"date":"2015-09-14T17:48:15","date_gmt":"2015-09-14T20:48:15","guid":{"rendered":"http:\/\/catolicanet.net\/wp-cnet\/2015\/09\/14\/comidi-promove-encontro-na-curia-diocesana\/"},"modified":"2017-05-30T16:01:55","modified_gmt":"2017-05-30T19:01:55","slug":"comidi-promove-encontro-na-curia-diocesana","status":"publish","type":"post","link":"https:\/\/catolicanet.net\/wp-cnet\/comidi-promove-encontro-na-curia-diocesana\/","title":{"rendered":"COMIDI promove encontro na C\u00faria Diocesana"},"content":{"rendered":"<p style=\"text-align: justify;\"><img decoding=\"async\" src=\"http:\/\/catolicanet.com.br\/images\/stories\/geral\/comide.jpg\" border=\"0\" align=\"left\" \/> COMIDI promove encontro na C\u00faria Diocesana\u00a0\u00a0\u00a0 <\/p>\n<p>Na manh\u00e3 de s\u00e1bado, (12\/09) o audit\u00f3rio da C\u00faria Diocesana recebeu aproximadamente 100 pessoas para o encontro do Conselho Mission\u00e1rio Diocesano o COMIDI, coordenado por Belchior Antonio que \u00e9 presidente do Instituto Mission\u00e1rio leigo CatolicaNet.<\/p>\n<p>No documento conciliar Ad Gentes afirma: \u201cA Igreja peregrina \u00e9 por sua natureza mission\u00e1ria, pois ela se origina da miss\u00e3o do Filho, e da miss\u00e3o do Esp\u00edrito Santo, segundo o des\u00edgnio de Deus Pai\u201d. (AG n. 2\u00aa)<\/p>\n<p>A COMIDI tem com objetivo animar a Diocese e organizar o Povo de Deus, para que seja despertado e assuma sua voca\u00e7\u00e3o e responsabilidade mission\u00e1ria. Lembrando-se sempre que \u201cNa Igreja de Jesus Cristo, todo batizado \u00e9 mission\u00e1rio\u201d.<br \/>Ajuda, portanto, todo o crist\u00e3o a viver intensamente e ser protagonista de sua f\u00e9 em sua comunidade e no mundo. Motiva a pr\u00f3pria Igreja a sair continuamente de suas fronteiras. Faz com que, da comunidade, alguns representem sua missionaridade, partindo para as miss\u00f5es.<br \/>A COMIDI n\u00e3o \u00e9 uma Pastoral a mais e sim um meio para despertar o ardor mission\u00e1rio em todos os batizados que est\u00e3o engajados nas pastorais, nos movimentos e organismos, ou seja, para toda a Igreja. A Igreja \u00e9 essencialmente mission\u00e1ria, pois a miss\u00e3o para ela n\u00e3o \u00e9 uma caracter\u00edstica secund\u00e1ria, e sim essencial.<\/p>\n<p style=\"text-align: justify;\">Fonte: Diocese Santo Amaro<\/p>\n","protected":false},"excerpt":{"rendered":"<p>COMIDI promove encontro na C\u00faria Diocesana\u00a0\u00a0\u00a0 Na manh\u00e3 de s\u00e1bado, (12\/09) o audit\u00f3rio da C\u00faria Diocesana recebeu aproximadamente 100 pessoas para o encontro do Conselho Mission\u00e1rio Diocesano o COMIDI, coordenado por Belchior Antonio que \u00e9 presidente do Instituto Mission\u00e1rio leigo CatolicaNet. No documento conciliar Ad Gentes afirma: \u201cA Igreja peregrina \u00e9 por sua natureza mission\u00e1ria, [&hellip;]<\/p>\n","protected":false},"author":1,"featured_media":0,"comment_status":"open","ping_status":"open","sticky":false,"template":"","format":"standard","meta":{"footnotes":""},"categories":[7],"tags":[],"class_list":["post-11618","post","type-post","status-publish","format-standard","hentry","category-cnbb"],"_links":{"self":[{"href":"https:\/\/catolicanet.net\/wp-cnet\/wp-json\/wp\/v2\/posts\/11618","targetHints":{"allow":["GET"]}}],"collection":[{"href":"https:\/\/catolicanet.net\/wp-cnet\/wp-json\/wp\/v2\/posts"}],"about":[{"href":"https:\/\/catolicanet.net\/wp-cnet\/wp-json\/wp\/v2\/types\/post"}],"author":[{"embeddable":true,"href":"https:\/\/catolicanet.net\/wp-cnet\/wp-json\/wp\/v2\/users\/1"}],"replies":[{"embeddable":true,"href":"https:\/\/catolicanet.net\/wp-cnet\/wp-json\/wp\/v2\/comments?post=11618"}],"version-history":[{"count":1,"href":"https:\/\/catolicanet.net\/wp-cnet\/wp-json\/wp\/v2\/posts\/11618\/revisions"}],"predecessor-version":[{"id":24669,"href":"https:\/\/catolicanet.net\/wp-cnet\/wp-json\/wp\/v2\/posts\/11618\/revisions\/24669"}],"wp:attachment":[{"href":"https:\/\/catolicanet.net\/wp-cnet\/wp-json\/wp\/v2\/media?parent=11618"}],"wp:term":[{"taxonomy":"category","embeddable":true,"href":"https:\/\/catolicanet.net\/wp-cnet\/wp-json\/wp\/v2\/categories?post=11618"},{"taxonomy":"post_tag","embeddable":true,"href":"https:\/\/catolicanet.net\/wp-cnet\/wp-json\/wp\/v2\/tags?post=11618"}],"curies":[{"name":"wp","href":"https:\/\/api.w.org\/{rel}","templated":true}]}}