{"id":11615,"date":"2015-09-14T16:49:11","date_gmt":"2015-09-14T19:49:11","guid":{"rendered":"http:\/\/catolicanet.net\/wp-cnet\/2015\/09\/14\/santa-catarina-tera-em-breve-primeiro-santuario-dedicado-a-mae-peregrina-no-estado\/"},"modified":"2017-05-26T16:33:44","modified_gmt":"2017-05-26T19:33:44","slug":"santa-catarina-tera-em-breve-primeiro-santuario-dedicado-a-mae-peregrina-no-estado","status":"publish","type":"post","link":"https:\/\/catolicanet.net\/wp-cnet\/santa-catarina-tera-em-breve-primeiro-santuario-dedicado-a-mae-peregrina-no-estado\/","title":{"rendered":"Santa Catarina ter\u00e1 em breve primeiro Santu\u00e1rio dedicado \u00e0 m\u00e3e peregrina no estado"},"content":{"rendered":"<p style=\"text-align: justify;\"><img decoding=\"async\" src=\"http:\/\/catolicanet.com.br\/images\/stories\/florianopolis_terreno_schoenstatt2_270x180.jpg\" border=\"0\" align=\"left\" \/> Local onde ser\u00e1 constru\u00eddo Santu\u00e1rio dedicado \u00e0 Nossa Senhora de Schoenstatt foi aben\u00e7oado durante celebra\u00e7\u00e3o<\/p>\n<p>Pr\u00f3ximo \u00e0 rua Jo\u00e3o Benedito da Luz, 249, bairro Tijuquinhas, Bigua\u00e7u (SC). Esta \u00e9 a localiza\u00e7\u00e3o do terreno que futuramente abrigar\u00e1 o primeiro Santu\u00e1rio de Schoenstatt em Santa Catarina. No \u00faltimo dia 5, cerca de mil pessoas estiveram presentes na celebra\u00e7\u00e3o de ben\u00e7\u00e3o do espa\u00e7o.<\/p>\n<p>Caravanas de fi\u00e9is de v\u00e1rias partes do estado participaram da missa presidida pelo arcebispo de Florian\u00f3polis (SC), dom Wilson Tadeu J\u00f6nck, e concelebrada pelo bispo em\u00e9rito, dom Vito Schlickmann; pelo bispo de Blumenau (SC), dom Rafael Biernaski; e padres da arquidiocese. <\/p>\n<p>Ao lado de familiares, o doador do terreno, Ant\u00f4nio Luiz F\u00fcchter, assistiu \u00e0 celebra\u00e7\u00e3o, que contou tamb\u00e9m com a presen\u00e7a de autoridades e de religiosas do Movimento Apost\u00f3lico Internacional de Schoenstatt. <\/p>\n<p>Ant\u00f4nio revelou que por ter uma considera\u00e7\u00e3o muito grande por Bigua\u00e7u, tinha a inten\u00e7\u00e3o de deixar algo para o munic\u00edpio. Ele conta que atendeu ent\u00e3o a um pedido de dom Vito para ajudar o Movimento de Shcoenstatt. \u201cTrabalhei quase cinco anos em uma \u00e1rea e deu certo comprar este im\u00f3vel. Hoje estou realizado. A M\u00e3e, onde vem, \u00e9 para ficar, n\u00e3o sai\u201d, explicou F\u00fcchter. <\/p>\n<p>Em sua homilia, dom Wilson destacou que Nossa Senhora \u00e9 conhecida como a arca da alian\u00e7a, a M\u00e3e Peregrina que leva Jesus a todos. \u201cQue nossas palavras transmitam Cristo ao mundo e este Santu\u00e1rio fa\u00e7a crescer a f\u00e9. Como Maria, levar Cristo a todos que encontrarmos\u201d, expressou. Antes da b\u00ean\u00e7\u00e3o final, todos foram em prociss\u00e3o at\u00e9 a capelinha, onde foi solenemente introduzida a imagem da M\u00e3e Peregrina.<\/p>\n<p>\u201c\u00c9 um momento de gratid\u00e3o imensa a Deus, que nos concede realizar um sonho para este povo de Santa Catarina. O bom Deus nos surpreende com um terreno urbanizado, com uma estrutura onde podemos come\u00e7ar a forma\u00e7\u00e3o e, no futuro, o Santu\u00e1rio. \u00c9 um milagre que Deus realiza na hist\u00f3ria do Movimento de Schoenstatt em Santa Catarina\u201d, agradeceu a assistente provincial do Movimento, irm\u00e3 Lilian Goerck, da Prov\u00edncia Tabor, com sede em Santa Maria (RS) e presente no evento.<br \/>Localiza\u00e7\u00e3o<\/p>\n<p>O local adquirido para a constru\u00e7\u00e3o do Santu\u00e1rio conta com uma ampla casa que servir\u00e1 para atender o Movimento no futuro. O acesso ao terreno pode ser feito pela BR 101, pr\u00f3ximo ao Posto de Gasolina Tijuquinhas e a Escola de Educa\u00e7\u00e3o B\u00e1sica \u201cC\u00f4nego Rodolfo Machado\u201d. <br \/>Hist\u00f3ria<\/p>\n<p>O Movimento Apost\u00f3lico Internacional de Schoenstatt foi fundado em Sch\u00f6nstatt, na Alemanha, em 18 de outubro de 1914, pelo padre Jos\u00e9 Kentenich. Hoje, existem 200 santu\u00e1rios espalhados pelo mundo, s\u00f3 no Brasil s\u00e3o 22. <br \/>Com informa\u00e7\u00f5es e foto da arquidiocese de Florian\u00f3polis <br \/>Fonte: CNBB<\/p>\n","protected":false},"excerpt":{"rendered":"<p>Local onde ser\u00e1 constru\u00eddo Santu\u00e1rio dedicado \u00e0 Nossa Senhora de Schoenstatt foi aben\u00e7oado durante celebra\u00e7\u00e3o Pr\u00f3ximo \u00e0 rua Jo\u00e3o Benedito da Luz, 249, bairro Tijuquinhas, Bigua\u00e7u (SC). Esta \u00e9 a localiza\u00e7\u00e3o do terreno que futuramente abrigar\u00e1 o primeiro Santu\u00e1rio de Schoenstatt em Santa Catarina. No \u00faltimo dia 5, cerca de mil pessoas estiveram presentes na [&hellip;]<\/p>\n","protected":false},"author":1,"featured_media":0,"comment_status":"open","ping_status":"open","sticky":false,"template":"","format":"standard","meta":{"footnotes":""},"categories":[7],"tags":[],"class_list":["post-11615","post","type-post","status-publish","format-standard","hentry","category-cnbb"],"_links":{"self":[{"href":"https:\/\/catolicanet.net\/wp-cnet\/wp-json\/wp\/v2\/posts\/11615","targetHints":{"allow":["GET"]}}],"collection":[{"href":"https:\/\/catolicanet.net\/wp-cnet\/wp-json\/wp\/v2\/posts"}],"about":[{"href":"https:\/\/catolicanet.net\/wp-cnet\/wp-json\/wp\/v2\/types\/post"}],"author":[{"embeddable":true,"href":"https:\/\/catolicanet.net\/wp-cnet\/wp-json\/wp\/v2\/users\/1"}],"replies":[{"embeddable":true,"href":"https:\/\/catolicanet.net\/wp-cnet\/wp-json\/wp\/v2\/comments?post=11615"}],"version-history":[{"count":1,"href":"https:\/\/catolicanet.net\/wp-cnet\/wp-json\/wp\/v2\/posts\/11615\/revisions"}],"predecessor-version":[{"id":24037,"href":"https:\/\/catolicanet.net\/wp-cnet\/wp-json\/wp\/v2\/posts\/11615\/revisions\/24037"}],"wp:attachment":[{"href":"https:\/\/catolicanet.net\/wp-cnet\/wp-json\/wp\/v2\/media?parent=11615"}],"wp:term":[{"taxonomy":"category","embeddable":true,"href":"https:\/\/catolicanet.net\/wp-cnet\/wp-json\/wp\/v2\/categories?post=11615"},{"taxonomy":"post_tag","embeddable":true,"href":"https:\/\/catolicanet.net\/wp-cnet\/wp-json\/wp\/v2\/tags?post=11615"}],"curies":[{"name":"wp","href":"https:\/\/api.w.org\/{rel}","templated":true}]}}