{"id":11609,"date":"2015-09-14T14:28:59","date_gmt":"2015-09-14T17:28:59","guid":{"rendered":"http:\/\/catolicanet.net\/wp-cnet\/2015\/09\/14\/a-qpiedade-popularq-na-realidade-eclesial-do-marajo-no-para\/"},"modified":"2017-06-02T09:29:23","modified_gmt":"2017-06-02T12:29:23","slug":"a-qpiedade-popularq-na-realidade-eclesial-do-marajo-no-para","status":"publish","type":"post","link":"https:\/\/catolicanet.net\/wp-cnet\/a-qpiedade-popularq-na-realidade-eclesial-do-marajo-no-para\/","title":{"rendered":"A &#8220;piedade popular&#8221; na realidade eclesial do Maraj\u00f3, no Par\u00e1"},"content":{"rendered":"<p style=\"text-align: justify;\"><img decoding=\"async\" src=\"http:\/\/catolicanet.com.br\/images\/stories\/geral\/afp2463934_articolo.jpg\" border=\"0\" align=\"left\" \/> Amigo ouvinte, voltamos ao nosso quadro semanal \u201cO Brasil na Miss\u00e3o Continental\u201d, trazendo um pouco, nestes dias, a realidade eclesial da Diocese de Ponta de Pedras. Nesta edi\u00e7\u00e3o, o bispo desta Igreja particular da mesorregi\u00e3o de Maraj\u00f3, no Par\u00e1, Dom Alessio Saccardo, S.J., nos traz um pouco daquela express\u00e3o de f\u00e9 dos nossos povos latino-americanos, \u00e0 qual chamamos de \u201cpiedade popular\u201d.<\/p>\n<p>Origin\u00e1rio de Marano Vicentino, Diocese de Vicenza, norte da It\u00e1lia, Dom Alessio nos tra\u00e7a um perfil da piedade popular que ele encontrou n\u00e3o somente em Ponta de Pedras, mas tamb\u00e9m nas outras dioceses da regi\u00e3o amaz\u00f4nica onde teve a oportunidade de conhecer um pouco mais essa realidade.<\/p>\n<p>O bispo de origem italiana faz-nos uma constata\u00e7\u00e3o interessante que pode at\u00e9 nos parecer l\u00f3gica, mas nem por isso automaticamente evidente: a piedade popular que hoje temos \u00e9 express\u00e3o da religiosidade popular que no passado existia na Europa e que os mission\u00e1rios que chegaram ao Brasil introduziram em sua a\u00e7\u00e3o evangelizadora: festas, comemora\u00e7\u00f5es, ladainhas de Nossa Senhora, prociss\u00f5es que caracterizavam a f\u00e9 popular na It\u00e1lia, por exemplo, em sua regi\u00e3o natal, o V\u00eaneto \u2013 observa ele.<\/p>\n<p>Olhando para o futuro, Dom Alessio aponta, por\u00e9m, alguma preocupa\u00e7\u00e3o identificando um perigo para a piedade popular: o perigo de ela ser, de alguma maneira, sufocada pela nova civiliza\u00e7\u00e3o. De fato, cita, \u201ctem festas profanas que est\u00e3o substituindo estas festividades sagradas\u201d, como se deu na Europa. Vamos ouvir!<\/p>\n<p style=\"text-align: justify;\">Fonte: R\u00e1dio Vaticano<\/p>\n","protected":false},"excerpt":{"rendered":"<p>Amigo ouvinte, voltamos ao nosso quadro semanal \u201cO Brasil na Miss\u00e3o Continental\u201d, trazendo um pouco, nestes dias, a realidade eclesial da Diocese de Ponta de Pedras. Nesta edi\u00e7\u00e3o, o bispo desta Igreja particular da mesorregi\u00e3o de Maraj\u00f3, no Par\u00e1, Dom Alessio Saccardo, S.J., nos traz um pouco daquela express\u00e3o de f\u00e9 dos nossos povos latino-americanos, [&hellip;]<\/p>\n","protected":false},"author":1,"featured_media":0,"comment_status":"open","ping_status":"open","sticky":false,"template":"","format":"standard","meta":{"footnotes":""},"categories":[3],"tags":[],"class_list":["post-11609","post","type-post","status-publish","format-standard","hentry","category-vaticano"],"_links":{"self":[{"href":"https:\/\/catolicanet.net\/wp-cnet\/wp-json\/wp\/v2\/posts\/11609","targetHints":{"allow":["GET"]}}],"collection":[{"href":"https:\/\/catolicanet.net\/wp-cnet\/wp-json\/wp\/v2\/posts"}],"about":[{"href":"https:\/\/catolicanet.net\/wp-cnet\/wp-json\/wp\/v2\/types\/post"}],"author":[{"embeddable":true,"href":"https:\/\/catolicanet.net\/wp-cnet\/wp-json\/wp\/v2\/users\/1"}],"replies":[{"embeddable":true,"href":"https:\/\/catolicanet.net\/wp-cnet\/wp-json\/wp\/v2\/comments?post=11609"}],"version-history":[{"count":1,"href":"https:\/\/catolicanet.net\/wp-cnet\/wp-json\/wp\/v2\/posts\/11609\/revisions"}],"predecessor-version":[{"id":27605,"href":"https:\/\/catolicanet.net\/wp-cnet\/wp-json\/wp\/v2\/posts\/11609\/revisions\/27605"}],"wp:attachment":[{"href":"https:\/\/catolicanet.net\/wp-cnet\/wp-json\/wp\/v2\/media?parent=11609"}],"wp:term":[{"taxonomy":"category","embeddable":true,"href":"https:\/\/catolicanet.net\/wp-cnet\/wp-json\/wp\/v2\/categories?post=11609"},{"taxonomy":"post_tag","embeddable":true,"href":"https:\/\/catolicanet.net\/wp-cnet\/wp-json\/wp\/v2\/tags?post=11609"}],"curies":[{"name":"wp","href":"https:\/\/api.w.org\/{rel}","templated":true}]}}