{"id":11598,"date":"2015-09-14T11:46:17","date_gmt":"2015-09-14T14:46:17","guid":{"rendered":"http:\/\/catolicanet.net\/wp-cnet\/2015\/09\/14\/portugal-comissao-nacional-justica-e-paz-incentiva-ao-acolhimento-de-refugiados\/"},"modified":"2017-05-31T16:24:46","modified_gmt":"2017-05-31T19:24:46","slug":"portugal-comissao-nacional-justica-e-paz-incentiva-ao-acolhimento-de-refugiados","status":"publish","type":"post","link":"https:\/\/catolicanet.net\/wp-cnet\/portugal-comissao-nacional-justica-e-paz-incentiva-ao-acolhimento-de-refugiados\/","title":{"rendered":"Portugal: Comiss\u00e3o Nacional Justi\u00e7a e Paz incentiva ao acolhimento de refugiados"},"content":{"rendered":"<p style=\"text-align: justify;\"><img decoding=\"async\" src=\"http:\/\/catolicanet.com.br\/images\/stories\/04929667.jpg\" border=\"0\" align=\"left\" \/> A Comiss\u00e3o Nacional Justi\u00e7a e Paz (CNJP) publicou hoje a nota \u00abO que fizeste do teu irm\u00e3o\u00bb, sobre o acolhimento de refugiados, onde alerta que estes \u201cn\u00e3o s\u00e3o potenciais terroristas\u201d e muitos fogem da \u201cviol\u00eancia gerada pelo fundamentalismo\u201d.<\/p>\n<p>\u201c\u00c9 verdade que tamb\u00e9m entre n\u00f3s h\u00e1 quem passe por dificuldades e situa\u00e7\u00f5es graves de pobreza. Mas as situa\u00e7\u00f5es de onde fogem estes refugiados, que os fazem assumir os riscos que assumem, s\u00e3o, de um modo geral, muito mais graves do que aquelas com que nos deparamos em Portugal\u201d, escreve a CNPJ.<\/p>\n<p>No documento, o organismo da Igreja Cat\u00f3lica contextualiza que quando os refugiados \u201cbatem \u00e0 porta\u201d n\u00e3o se podem reagir \u201ccom indiferen\u00e7a\u201d.<\/p>\n<p>A CNPJ concorda que, \u201ccomo j\u00e1 foi afirmado\u201d, este \u00e9 um \u201cdesafio\u201d \u00e0 Europa como comunidade de valores que se quer ser fiel \u00e0s ra\u00edzes crist\u00e3s da cultura europeia \u201cn\u00e3o pode reduzir-se a uma proclama\u00e7\u00e3o formal\u201d ou \u00e0 conserva\u00e7\u00e3o de sinais externos.<\/p>\n<p>\u201c\u00c9, acima de tudo, adotar comportamentos coerentes com a mensagem crist\u00e3\u201d, alerta, observando que n\u00e3o existe essa coer\u00eancia quando se recusa o acolhimento de refugiados por \u201cn\u00e3o partilharem a f\u00e9 crist\u00e3\u201d.<\/p>\n<p>A Comiss\u00e3o Nacional Justi\u00e7a e Paz destaca que a \u201cnovidade\u201d do cristianismo \u201creside no amor universal\u201d que n\u00e3o faz ace\u00e7\u00e3o de pessoas, por isso, a defesa da identidade europeia \u201cn\u00e3o pode servir de pretexto\u201d para distinguir entre refugiados crist\u00e3os perseguidos por causa da \u00e9 e os outros refugiados.<\/p>\n<p>\u201cA Europa n\u00e3o pode pretender ser um o\u00e1sis de paz e prosperidade, protegido por fronteiras ou muros, num mundo onde prevalece a guerra e a pobreza. No mundo globalizado de hoje, o que acontece no M\u00e9dio Oriente em \u00c1frica ou noutras zonas do globo tem sempre repercuss\u00e3o na Europa, e este \u00eaxodo de refugiados comprova-o\u201d, desenvolve.<\/p>\n<p>O organismo laical considera tamb\u00e9m que de \u201cmodo imediato\u201d \u00e9 preciso \u201cbuscar incessantemente\u201d o fim das guerras de onde fogem os refugiados \u2013 S\u00edria; Iraque; L\u00edbia; Sud\u00e3o \u2013 e \u201cp\u00f4r termo ao fornecimento de armas que alimenta tais guerras\u201d.<\/p>\n<p>\u201cA solu\u00e7\u00e3o definitiva n\u00e3o passa, pois, pela fuga cont\u00ednua\u201d, acrescenta a CNPJ que relembra os apelos dos representantes das Igrejas presentes na S\u00edria e no Iraque \u201cpreocupados com o fim\u201d da presen\u00e7a secular dos crist\u00e3os nesses pa\u00edses.<\/p>\n<p>O organismo da Confer\u00eancia Episcopal Portuguesa integra a Plataforma de Apoio aos Refugiados e comenta que \u00e9 importante que \u201ceste esp\u00edrito cres\u00e7a cada vez mais\u201d no \u00e2mbito de uma \u201ceduca\u00e7\u00e3o para a cidadania solid\u00e1ria\u201d.<\/p>\n<p>Neste contexto, a CNJP assinala que os cat\u00f3licos s\u00e3o \u201cinterpelados pelos apelos vibrantes\u201d do Papa Francisco para que cada par\u00f3quia acolha, pelo menos, uma fam\u00edlia de refugiados e recorda que noutros per\u00edodos da sua hist\u00f3ria, \u201co povo portugu\u00eas deu provas de generosidade no acolhimento de refugiados\u201d.<\/p>\n<p style=\"text-align: justify;\">Fonte: Ag\u00eancia Ecclesia<\/p>\n","protected":false},"excerpt":{"rendered":"<p>A Comiss\u00e3o Nacional Justi\u00e7a e Paz (CNJP) publicou hoje a nota \u00abO que fizeste do teu irm\u00e3o\u00bb, sobre o acolhimento de refugiados, onde alerta que estes \u201cn\u00e3o s\u00e3o potenciais terroristas\u201d e muitos fogem da \u201cviol\u00eancia gerada pelo fundamentalismo\u201d. \u201c\u00c9 verdade que tamb\u00e9m entre n\u00f3s h\u00e1 quem passe por dificuldades e situa\u00e7\u00f5es graves de pobreza. Mas [&hellip;]<\/p>\n","protected":false},"author":1,"featured_media":0,"comment_status":"open","ping_status":"open","sticky":false,"template":"","format":"standard","meta":{"footnotes":""},"categories":[4],"tags":[],"class_list":["post-11598","post","type-post","status-publish","format-standard","hentry","category-cotidiano"],"_links":{"self":[{"href":"https:\/\/catolicanet.net\/wp-cnet\/wp-json\/wp\/v2\/posts\/11598","targetHints":{"allow":["GET"]}}],"collection":[{"href":"https:\/\/catolicanet.net\/wp-cnet\/wp-json\/wp\/v2\/posts"}],"about":[{"href":"https:\/\/catolicanet.net\/wp-cnet\/wp-json\/wp\/v2\/types\/post"}],"author":[{"embeddable":true,"href":"https:\/\/catolicanet.net\/wp-cnet\/wp-json\/wp\/v2\/users\/1"}],"replies":[{"embeddable":true,"href":"https:\/\/catolicanet.net\/wp-cnet\/wp-json\/wp\/v2\/comments?post=11598"}],"version-history":[{"count":1,"href":"https:\/\/catolicanet.net\/wp-cnet\/wp-json\/wp\/v2\/posts\/11598\/revisions"}],"predecessor-version":[{"id":27070,"href":"https:\/\/catolicanet.net\/wp-cnet\/wp-json\/wp\/v2\/posts\/11598\/revisions\/27070"}],"wp:attachment":[{"href":"https:\/\/catolicanet.net\/wp-cnet\/wp-json\/wp\/v2\/media?parent=11598"}],"wp:term":[{"taxonomy":"category","embeddable":true,"href":"https:\/\/catolicanet.net\/wp-cnet\/wp-json\/wp\/v2\/categories?post=11598"},{"taxonomy":"post_tag","embeddable":true,"href":"https:\/\/catolicanet.net\/wp-cnet\/wp-json\/wp\/v2\/tags?post=11598"}],"curies":[{"name":"wp","href":"https:\/\/api.w.org\/{rel}","templated":true}]}}