{"id":11597,"date":"2015-09-14T11:40:44","date_gmt":"2015-09-14T14:40:44","guid":{"rendered":"http:\/\/catolicanet.net\/wp-cnet\/2015\/09\/14\/somos-irmaos-e-nao-lobos-uns-dos-outros\/"},"modified":"2017-05-09T16:23:07","modified_gmt":"2017-05-09T19:23:07","slug":"somos-irmaos-e-nao-lobos-uns-dos-outros","status":"publish","type":"post","link":"https:\/\/catolicanet.net\/wp-cnet\/somos-irmaos-e-nao-lobos-uns-dos-outros\/","title":{"rendered":"Somos irm\u00e3os e n\u00e3o lobos uns dos outros"},"content":{"rendered":"<p style=\"text-align: justify;\">A Europa \u00e9 porta de entrada para 560 mil imigrantes ilegais todos os anos. Destes, dois mil africanos morrem ao tentar atravessar o Mediterr\u00e2neo, revela o relat\u00f3rio da Comiss\u00e3o Mundial sobre as Migra\u00e7\u00f5es Internacionais (CMMI). Atualmente, vivem 56,1 milh\u00f5es de estrangeiros no continente europeu, o que representa 7,7% da sua popula\u00e7\u00e3o, num total de 200 milh\u00f5es no mundo, incluindo 9,2 milh\u00f5es de refugiados.<br \/> Um estudo &#8220;Migration in an interconnected world: new directions for action&#8221; pretende constituir um plano de a\u00e7\u00e3o para controlar os fluxos migrat\u00f3rios, dos quais as mulheres (48,6% dos imigrantes) e as crian\u00e7as s\u00e3o as principais v\u00edtimas. As pessoas deslocadas constituem 3% da popula\u00e7\u00e3o mundial.<br \/> Os pa\u00edses europeus atraem o maior n\u00famero de imigrantes (28% do total), seguindo-se os Estados Unidos, com 35 milh\u00f5es de estrangeiros (20%). Estima-se que 10 milh\u00f5es de ilegais estejam em situa\u00e7\u00e3o irregular em territ\u00f3rio norte-americano, a maioria oriunda do M\u00e9xico. Todos os anos, 500 mil mexicanos tentam atravessar a fronteira para o territ\u00f3rio norte-americano, registando-se uma m\u00e9dia de 400 mortes anuais.<br \/> De acordo com dados da ONU (Organiza\u00e7\u00e3o das Na\u00e7\u00f5es Unidas), cerca de 2,5 mil imigrantes se afogaram no mar Mediterr\u00e2neo neste ano, v\u00edtimas dos muitos barcos superlotados que tentam chegar \u00e0 costa da It\u00e1lia e da Gr\u00e9cia.<br \/> O fluxo de pessoas desesperadas que partem da S\u00edria e do norte da \u00c1frica na tentativa de alcan\u00e7ar a Europa j\u00e1 \u00e9 muito maior que o registrado no mesmo per\u00edodo do ano passado. N\u00fameros recentes mostram que milhares de pessoas est\u00e3o usando uma rota perigosa, atrav\u00e9s dos B\u00e1lc\u00e3s, para chegar \u00e0 Alemanha e a outros pa\u00edses do norte da Uni\u00e3o Europeia (UE). Mais de 300 mil imigrantes j\u00e1 arriscaram suas vidas tentando atravessar o Mediterr\u00e2neo neste ano, segundo as Na\u00e7\u00f5es Unidas. Em todo o ano passado foram 219 mil pessoas.<br \/> Cerca de 200 mil pessoas desembarcaram na Gr\u00e9cia desde janeiro, enquanto outras 110 mil chegaram \u00e0 It\u00e1lia. A maioria dos que chega \u00e0s terras gregas opta pela viagem relativamente curta entre a Turquia e as ilhas de Kos, Chios, Lesvos e Samos \u2013 em fr\u00e1geis botes de borracha ou em pequenos barcos de madeira.<br \/> A viagem entre a L\u00edbia e a It\u00e1lia \u00e9 mais longa e arriscada.<br \/>Veja, a seguir, algumas das piores trag\u00e9dias j\u00e1 ocorridas neste ano:<br \/>&#8211; Dois barcos com cerca de 500 imigrantes afundaram ap\u00f3s deixar Zuwara, na L\u00edbia, em 27 de agosto.<br \/>&#8211; Corpos de ao menos 71 pessoas, que podem ser imigrantes s\u00edrios, foram descobertos em um caminh\u00e3o abandonado na \u00c1ustria, tamb\u00e9m em 27 de agosto. <br \/>-Naufr\u00e1gio nos arredores da ilha de Lampedusa, na It\u00e1lia, matou cerca de 800 pessoas em 19 de abril. Ao menos 300 imigrantes se afogaram ao tentar atravessar as \u00e1guas agitadas do Mediterr\u00e2neo em fevereiro. <br \/> Nestes dias, uma cena fez com que toda a humanidade refletisse acerca da imigra\u00e7\u00e3o. Foi o caso da fam\u00edlia Kurdi, que estava em busca de melhores condi\u00e7\u00f5es de vida e com isso ia se refugiar em outro pa\u00eds, mas aconteceu a trag\u00e9dia, onde o bote que eles estavam veio a naufragar. Com isso, v\u00e1rios morreram e a fam\u00edlia Kurdi perdeu tr\u00eas de seus membros. A cena que mais impressionou a humanidade foi a do pequenino Aylan, que tinha tr\u00eas anos de idade e seu corpo fora encontrado numa praia na Turquia. <br \/> Essa cena deve levar toda a humanidade a refletir sobre o valor da vida e o valor do pr\u00f3ximo. N\u00f3s n\u00e3o somos lobos uns dos outros, somos irm\u00e3os. Com isso, devemos rezar e fazer gestos concretos para ajudar estes que tanto sofrem em outros pa\u00edses, como tamb\u00e9m em nossa realidade de Brasil. <br \/> O maior grupo de imigrantes \u00e9 de s\u00edrios, que foge da violenta guerra civil em curso no pa\u00eds. Afeg\u00e3os e eritreus v\u00eam em seguida, geralmente tentando escapar da pobreza e de viola\u00e7\u00f5es aos direitos humanos. Os grupos origin\u00e1rios da Nig\u00e9ria e do Kosovo tamb\u00e9m s\u00e3o grandes \u2013 pobres e marginalizados integrantes do povo rom\u00e0 (cigano) s\u00e3o boa parte dos imigrantes vindos do \u00faltimo pa\u00eds. Na It\u00e1lia, pessoas que chegam da Eritreia formam o maior grupo, seguidas por aquelas que v\u00eam da Nig\u00e9ria. Na Gr\u00e9cia, por\u00e9m, os s\u00edrios formam a maior popula\u00e7\u00e3o, seguidos pelos afeg\u00e3os. <br \/> H\u00e1 anos a Uni\u00e3o Europeia tem tentado acordar uma pol\u00edtica de asilo. Algo dif\u00edcil quando se t\u00eam 28 Estados-membros, cada um com suas for\u00e7as policiais e judici\u00e1rias. Defender os direitos dos imigrantes pobres est\u00e1 dif\u00edcil em um ambiente econ\u00f4mico sombrio. Muitos europeus est\u00e3o desempregados e temem a concorr\u00eancia com os trabalhadores estrangeiros, e os pa\u00edses da Uni\u00e3o Europeia n\u00e3o se entendem sobre como dividir o problema dos refugiados. As regras conjuntas mais detalhadas foram estabelecidas no Sistema Europeu Comum de Asilo (CEAS, na sigla em ingl\u00eas) \u2013 mas ter regras \u00e9 uma coisa, coloc\u00e1-las em pr\u00e1tica em toda a Uni\u00e3o Europeia \u00e9 um outro desafio. H\u00e1 tens\u00f5es dentro da Uni\u00e3o Europeia por causa da Conven\u00e7\u00e3o de Dublin \u2013 a Gr\u00e9cia reclama ter sido inundada com pedidos de asilo, j\u00e1 que muitos imigrantes chegam primeiro l\u00e1.<br \/> Na Arquidiocese do Rio de Janeiro temos o trabalho com os migrantes internacionais organizado pela Caritas Arquidiocesana. Esse trabalho vem desde a d\u00e9cada de 60, quando D. Eug\u00eanio Salles come\u00e7ou esse trabalho. Hoje, al\u00e9m do acolhimento de migrantes do mundo inteiro, tamb\u00e9m somos respons\u00e1veis por milhares de fam\u00edlias de refugiados que j\u00e1 est\u00e3o instaladas em nossa cidade. Existem tamb\u00e9m outros trabalhos organizados pela Pastoral dos Migrantes, que procura acolher, encaminhar, orientar os que v\u00eam de outros pa\u00edses para aqui viver. Al\u00e9m disso, temos as migra\u00e7\u00f5es internas, que \u00e9 um trabalho que as pastorais sociais da Arquidiocese conduzem com muita clareza e caridade. Os problemas dos desalojados e problemas de habita\u00e7\u00e3o na grande cidade est\u00e3o com a Pastoral das Favelas e tamb\u00e9m com o Vicariato da Caridade Social que, de certa forma, congregam todas as v\u00e1rias situa\u00e7\u00f5es sociais da Arquidiocese.<br \/> Para o trabalho com os refugiados, como dissemos, de longa data j\u00e1 temos a Caritas Arquidiocesana, que, com seus relacionamentos nacionais e internacionais, procura responder \u00e0s necessidades daqueles que para c\u00e1 v\u00eam movidos por situa\u00e7\u00f5es de injusti\u00e7a ou persegui\u00e7\u00e3o. Por\u00e9m, de maneira extraordin\u00e1ria, a Caritas tamb\u00e9m tem atuado com os migrantes do Haiti, procurando acolh\u00ea-los e encaminh\u00e1-los.<br \/> Quero rezar por todos os migrantes e de modo muito especial por todos aqueles que se tornam v\u00edtimas de desastres: naufr\u00e1gios, persegui\u00e7\u00f5es, a fome, o frio, o medo e toda a marginaliza\u00e7\u00e3o. Que tenhamos um cora\u00e7\u00e3o aberto para acolher estes que saem dos seus pa\u00edses para buscar melhores condi\u00e7\u00f5es de vida. Devemos saber que somo irm\u00e3os e assim Deus nos fez.<\/p>\n","protected":false},"excerpt":{"rendered":"<p>A Europa \u00e9 porta de entrada para 560 mil imigrantes ilegais todos os anos. Destes, dois mil africanos morrem ao tentar atravessar o Mediterr\u00e2neo, revela o relat\u00f3rio da Comiss\u00e3o Mundial sobre as Migra\u00e7\u00f5es Internacionais (CMMI). Atualmente, vivem 56,1 milh\u00f5es de estrangeiros no continente europeu, o que representa 7,7% da sua popula\u00e7\u00e3o, num total de 200 [&hellip;]<\/p>\n","protected":false},"author":5,"featured_media":0,"comment_status":"open","ping_status":"open","sticky":false,"template":"","format":"standard","meta":{"footnotes":""},"categories":[9],"tags":[],"class_list":["post-11597","post","type-post","status-publish","format-standard","hentry","category-artigos"],"_links":{"self":[{"href":"https:\/\/catolicanet.net\/wp-cnet\/wp-json\/wp\/v2\/posts\/11597","targetHints":{"allow":["GET"]}}],"collection":[{"href":"https:\/\/catolicanet.net\/wp-cnet\/wp-json\/wp\/v2\/posts"}],"about":[{"href":"https:\/\/catolicanet.net\/wp-cnet\/wp-json\/wp\/v2\/types\/post"}],"author":[{"embeddable":true,"href":"https:\/\/catolicanet.net\/wp-cnet\/wp-json\/wp\/v2\/users\/5"}],"replies":[{"embeddable":true,"href":"https:\/\/catolicanet.net\/wp-cnet\/wp-json\/wp\/v2\/comments?post=11597"}],"version-history":[{"count":1,"href":"https:\/\/catolicanet.net\/wp-cnet\/wp-json\/wp\/v2\/posts\/11597\/revisions"}],"predecessor-version":[{"id":21970,"href":"https:\/\/catolicanet.net\/wp-cnet\/wp-json\/wp\/v2\/posts\/11597\/revisions\/21970"}],"wp:attachment":[{"href":"https:\/\/catolicanet.net\/wp-cnet\/wp-json\/wp\/v2\/media?parent=11597"}],"wp:term":[{"taxonomy":"category","embeddable":true,"href":"https:\/\/catolicanet.net\/wp-cnet\/wp-json\/wp\/v2\/categories?post=11597"},{"taxonomy":"post_tag","embeddable":true,"href":"https:\/\/catolicanet.net\/wp-cnet\/wp-json\/wp\/v2\/tags?post=11597"}],"curies":[{"name":"wp","href":"https:\/\/api.w.org\/{rel}","templated":true}]}}