{"id":11576,"date":"2015-09-10T17:21:30","date_gmt":"2015-09-10T20:21:30","guid":{"rendered":"http:\/\/catolicanet.net\/wp-cnet\/2015\/09\/10\/asiabangladesh-carta-pastoral-do-bispo-de-rajshahi-um-jubileu-de-bencaos\/"},"modified":"2017-05-31T14:26:13","modified_gmt":"2017-05-31T17:26:13","slug":"asiabangladesh-carta-pastoral-do-bispo-de-rajshahi-um-jubileu-de-bencaos","status":"publish","type":"post","link":"https:\/\/catolicanet.net\/wp-cnet\/asiabangladesh-carta-pastoral-do-bispo-de-rajshahi-um-jubileu-de-bencaos\/","title":{"rendered":"\u00c1SIA\/BANGLADESH &#8211; Carta pastoral do Bispo de Rajshahi: \u201cUm Jubileu de b\u00ean\u00e7\u00e3os\u201d"},"content":{"rendered":"<p style=\"text-align: justify;\"> \u201cA celebra\u00e7\u00e3o do Jubileu de prata na diocese de Rajshahi pretende dar gra\u00e7as a Deus por todas as b\u00ean\u00e7\u00e3os que Ele ofereceu \u00e0 diocese na sua hist\u00f3ria\u201d: \u00e9 o que afirma a Carta Pastoral enviada a todos os fi\u00e9is por Dom Gervas Rozario, por ocasi\u00e3o dos 25 anos de funda\u00e7\u00e3o da diocese cat\u00f3lica de Rajshahi. As celebra\u00e7\u00f5es para o evento, que preveem o \u00e1pice nos dias 10 e 11 de setembro de 2015, ser\u00e3o ainda mais significativas com a visita pastoral do Card. Fernando Filoni, Prefeito da Congrega\u00e7\u00e3o para a Evangeliza\u00e7\u00e3o dos Povos.<br \/>Na Carta pastoral, enviada \u00e0 Ag\u00eancia Fides, o Bispo recorda a hist\u00f3ria da Igreja local: \u201cEm 21 de maio de 1990, a diocese de Rajshahi foi canonicamente erigida, guiada primeiramente pelo Bispo Dom Patrick D&#8217;Rozario, C.S.C, e nos anos sucessivos por Dom Paulinus Costa. Quando a diocese foi fundada, havia sete par\u00f3quias, hoje s\u00e3o 19 e a 20\u00b0 est\u00e1 em fase de cria\u00e7\u00e3o. Gra\u00e7as \u00e0 obra pastoral de padres diocesanos, de mission\u00e1rios do PIME, de freiras, catequistas e fi\u00e9is, a Igreja caminha e colhe os frutos da gra\u00e7a\u201d.<br \/>Entre as prioridades pastorais da diocese, nota o Bispo no texto, desde o in\u00edcio est\u00e3o a evangeliza\u00e7\u00e3o e a obra de instru\u00e7\u00e3o, pontos ainda hoje fundamentais. A evangeliza\u00e7\u00e3o prosseguiu entre as popula\u00e7\u00f5es aut\u00f3ctones (de v\u00e1rias etnias: santal, uraon, mahali, mundari, pahari, mahato etc.) \u201cpara difundir o amor de Cristo atrav\u00e9s do desenvolvimento econ\u00f4mico e social dos pobres, fornecendo assist\u00eancia de sa\u00fade e testemunho da miseric\u00f3rdia, da justi\u00e7a e da paz\u201d. Al\u00e9m disso, o caminho de \u201crenova\u00e7\u00e3o da Igreja local continuou a partir das fam\u00edlias, nas par\u00f3quias, atrav\u00e9s de uma profunda ades\u00e3o ao Evangelho\u201d. \u201cHoje, existem muitas pessoas que querem ouvir a Palavra de Deus. A Palavra de Deus deve ser pregada a eles com grande aten\u00e7\u00e3o\u201d, escreve o Bispo Rozario.<br \/>Al\u00e9m disso, \u201ca Igreja de Rajshahi est\u00e1 sempre atenta aos pobres e engajada nas obras de miseric\u00f3rdia, \u00e0s quais se dedicam sacerdotes diocesanos e religiosos, irm\u00e3s e catequistas\u201d, reitera o texto, afirmando que toda a comunidade est\u00e1 se preparando para viver com alegria e profundo compromisso o Ano da Miseric\u00f3rdia convocado pelo Papa Francisco, como nova oportunidade de testemunho evang\u00e9lico e de miss\u00e3o.<\/p>\n<p style=\"text-align: justify;\">Fonte: Ag\u00eancia Fides<\/p>\n","protected":false},"excerpt":{"rendered":"<p>\u201cA celebra\u00e7\u00e3o do Jubileu de prata na diocese de Rajshahi pretende dar gra\u00e7as a Deus por todas as b\u00ean\u00e7\u00e3os que Ele ofereceu \u00e0 diocese na sua hist\u00f3ria\u201d: \u00e9 o que afirma a Carta Pastoral enviada a todos os fi\u00e9is por Dom Gervas Rozario, por ocasi\u00e3o dos 25 anos de funda\u00e7\u00e3o da diocese cat\u00f3lica de Rajshahi. [&hellip;]<\/p>\n","protected":false},"author":1,"featured_media":0,"comment_status":"open","ping_status":"open","sticky":false,"template":"","format":"standard","meta":{"footnotes":""},"categories":[4],"tags":[],"class_list":["post-11576","post","type-post","status-publish","format-standard","hentry","category-cotidiano"],"_links":{"self":[{"href":"https:\/\/catolicanet.net\/wp-cnet\/wp-json\/wp\/v2\/posts\/11576","targetHints":{"allow":["GET"]}}],"collection":[{"href":"https:\/\/catolicanet.net\/wp-cnet\/wp-json\/wp\/v2\/posts"}],"about":[{"href":"https:\/\/catolicanet.net\/wp-cnet\/wp-json\/wp\/v2\/types\/post"}],"author":[{"embeddable":true,"href":"https:\/\/catolicanet.net\/wp-cnet\/wp-json\/wp\/v2\/users\/1"}],"replies":[{"embeddable":true,"href":"https:\/\/catolicanet.net\/wp-cnet\/wp-json\/wp\/v2\/comments?post=11576"}],"version-history":[{"count":1,"href":"https:\/\/catolicanet.net\/wp-cnet\/wp-json\/wp\/v2\/posts\/11576\/revisions"}],"predecessor-version":[{"id":26754,"href":"https:\/\/catolicanet.net\/wp-cnet\/wp-json\/wp\/v2\/posts\/11576\/revisions\/26754"}],"wp:attachment":[{"href":"https:\/\/catolicanet.net\/wp-cnet\/wp-json\/wp\/v2\/media?parent=11576"}],"wp:term":[{"taxonomy":"category","embeddable":true,"href":"https:\/\/catolicanet.net\/wp-cnet\/wp-json\/wp\/v2\/categories?post=11576"},{"taxonomy":"post_tag","embeddable":true,"href":"https:\/\/catolicanet.net\/wp-cnet\/wp-json\/wp\/v2\/tags?post=11576"}],"curies":[{"name":"wp","href":"https:\/\/api.w.org\/{rel}","templated":true}]}}