{"id":11575,"date":"2015-09-10T17:15:04","date_gmt":"2015-09-10T20:15:04","guid":{"rendered":"http:\/\/catolicanet.net\/wp-cnet\/2015\/09\/10\/arabia-saudita-censurada-capa-da-qnational-geographicq-com-foto-do-papa\/"},"modified":"2017-05-31T14:20:36","modified_gmt":"2017-05-31T17:20:36","slug":"arabia-saudita-censurada-capa-da-qnational-geographicq-com-foto-do-papa","status":"publish","type":"post","link":"https:\/\/catolicanet.net\/wp-cnet\/arabia-saudita-censurada-capa-da-qnational-geographicq-com-foto-do-papa\/","title":{"rendered":"Ar\u00e1bia Saudita: censurada capa da &#8220;National Geographic&#8221; com foto do papa"},"content":{"rendered":"<p style=\"text-align: justify;\">&#8220;Raz\u00f5es de car\u00e1ter cultural&#8221; foram a justificativa da Ar\u00e1bia Saudita para censurar a vers\u00e3o \u00e1rabe da edi\u00e7\u00e3o de agosto da revista National Geographic, cuja capa exibe a imagem do papa Francisco. Com uma breve mensagem postada na rede social Twitter, o diretor da edi\u00e7\u00e3o saudita da revista pediu desculpas aos leitores e informou que o n\u00famero foi barrado por essas raz\u00f5es culturais.<\/p>\n<p>Segundo a Foreign Policy, o motivo da censura seria principalmente o t\u00edtulo da capa: &#8220;O papa Francisco refaz o Vaticano&#8221;. O an\u00fancio seria &#8220;perigoso&#8221; para os wahabitas no poder, pois uma &#8220;revolu\u00e7\u00e3o no Vaticano&#8221; mostraria que mesmo uma &#8220;monarquia absoluta&#8221; pode &#8220;adaptar&#8221; a f\u00e9 aos tempos modernos.<\/p>\n<p>A Ar\u00e1bia Saudita segue a sharia, a lei isl\u00e2mica baseada na interpreta\u00e7\u00e3o r\u00edgida do alcor\u00e3o, que imp\u00f5e a pena de morte em casos de assassinato, viol\u00eancia sexual, tr\u00e1fico de drogas e bruxaria, por exemplo. Nesta vis\u00e3o ultraconservadora do isl\u00e3, as mulheres s\u00e3o proibidas de dirigir e devem estar sempre acompanhadas por um homem ao qual sejam ligadas por la\u00e7os estreitos de parentesco.<\/p>\n<p style=\"text-align: justify;\">Fonte: Zenit<\/p>\n","protected":false},"excerpt":{"rendered":"<p>&#8220;Raz\u00f5es de car\u00e1ter cultural&#8221; foram a justificativa da Ar\u00e1bia Saudita para censurar a vers\u00e3o \u00e1rabe da edi\u00e7\u00e3o de agosto da revista National Geographic, cuja capa exibe a imagem do papa Francisco. Com uma breve mensagem postada na rede social Twitter, o diretor da edi\u00e7\u00e3o saudita da revista pediu desculpas aos leitores e informou que o [&hellip;]<\/p>\n","protected":false},"author":1,"featured_media":0,"comment_status":"open","ping_status":"open","sticky":false,"template":"","format":"standard","meta":{"footnotes":""},"categories":[4],"tags":[],"class_list":["post-11575","post","type-post","status-publish","format-standard","hentry","category-cotidiano"],"_links":{"self":[{"href":"https:\/\/catolicanet.net\/wp-cnet\/wp-json\/wp\/v2\/posts\/11575","targetHints":{"allow":["GET"]}}],"collection":[{"href":"https:\/\/catolicanet.net\/wp-cnet\/wp-json\/wp\/v2\/posts"}],"about":[{"href":"https:\/\/catolicanet.net\/wp-cnet\/wp-json\/wp\/v2\/types\/post"}],"author":[{"embeddable":true,"href":"https:\/\/catolicanet.net\/wp-cnet\/wp-json\/wp\/v2\/users\/1"}],"replies":[{"embeddable":true,"href":"https:\/\/catolicanet.net\/wp-cnet\/wp-json\/wp\/v2\/comments?post=11575"}],"version-history":[{"count":1,"href":"https:\/\/catolicanet.net\/wp-cnet\/wp-json\/wp\/v2\/posts\/11575\/revisions"}],"predecessor-version":[{"id":26744,"href":"https:\/\/catolicanet.net\/wp-cnet\/wp-json\/wp\/v2\/posts\/11575\/revisions\/26744"}],"wp:attachment":[{"href":"https:\/\/catolicanet.net\/wp-cnet\/wp-json\/wp\/v2\/media?parent=11575"}],"wp:term":[{"taxonomy":"category","embeddable":true,"href":"https:\/\/catolicanet.net\/wp-cnet\/wp-json\/wp\/v2\/categories?post=11575"},{"taxonomy":"post_tag","embeddable":true,"href":"https:\/\/catolicanet.net\/wp-cnet\/wp-json\/wp\/v2\/tags?post=11575"}],"curies":[{"name":"wp","href":"https:\/\/api.w.org\/{rel}","templated":true}]}}