{"id":11557,"date":"2015-09-09T18:50:38","date_gmt":"2015-09-09T21:50:38","guid":{"rendered":"http:\/\/catolicanet.net\/wp-cnet\/2015\/09\/09\/a-emocionada-carta-de-um-pai-para-a-filha-com-sindrome-de-down-no-dia-do-casamento-dela\/"},"modified":"2017-05-31T13:27:38","modified_gmt":"2017-05-31T16:27:38","slug":"a-emocionada-carta-de-um-pai-para-a-filha-com-sindrome-de-down-no-dia-do-casamento-dela","status":"publish","type":"post","link":"https:\/\/catolicanet.net\/wp-cnet\/a-emocionada-carta-de-um-pai-para-a-filha-com-sindrome-de-down-no-dia-do-casamento-dela\/","title":{"rendered":"A emocionada carta de um pai para a filha com S\u00edndrome de Down no dia do casamento dela"},"content":{"rendered":"<p><img decoding=\"async\" src=\"http:\/\/catolicanet.com.br\/images\/stories\/geral\/jillian1.jpg\" border=\"0\" align=\"left\" \/>Eu chorei intensamente dentro de mim naquela noite em que, aos 12 anos, voc\u00ea desceu e me disse: &#8220;N\u00e3o tenho amigos&#8221;<\/p>\n<p>Querida Jillian,<\/p>\n<p>Esta \u00e9 a tarde do seu casamento. 27 de junho de 2015. Daqui a duas horas, voc\u00ea come\u00e7a a estrada de uma vida toda, um percurso ainda mais memor\u00e1vel do que aquele que voc\u00ea trilhou at\u00e9 chegar a este dia. Eu n\u00e3o sei quais s\u00e3o as probabilidades de uma mulher nascida com a S\u00edndrome de Down se casar com o amor da sua vida. S\u00f3 sei que voc\u00ea conseguiu!<\/p>\n<p>Voc\u00ea est\u00e1 no andar de cima, envolvida nos \u00faltimos preparativos, com a sua m\u00e3e e com as suas daminhas. Seus cabelos v\u00e3o ser adornados perfeitamente sobre o seu pesco\u00e7o esguio. Seu vestido, \u201ca sua joia\u201d, como voc\u00ea o definiu, atrai cada raio do sol da tarde que entra pela janela. A sua maquiagem, com aquele batom vermelho, melhora de algum modo uma beleza que s\u00f3 aumentou desde o dia em que voc\u00ea nasceu. Seu sorriso \u00e9 radiante e eterno!<\/p>\n<p>Debaixo da janela, eu olho para cima. Vivemos \u00e0s vezes momentos como este, em que as esperan\u00e7as e os sonhos se interligam com do\u00e7ura; quando tudo o que sempre imaginamos se realiza, com clareza perfeita. A felicidade \u00e9 poss\u00edvel. Agora, aqui debaixo da janela, eu sei.<\/p>\n<p>Tenho tudo e nada para dizer. Quando voc\u00ea nasceu, e nos anos seguintes, eu nunca fiquei preocupado com o que voc\u00ea iria alcan\u00e7ar academicamente. A sua m\u00e3e e eu ir\u00edamos fazer acontecer. Ir\u00edamos usar a lei como um a\u00e7oite, se fosse preciso. Os professores iriam cumprir o dever deles para com voc\u00ea e n\u00f3s sab\u00edamos que voc\u00ea conquistaria o respeito dos seus colegas.<\/p>\n<p>O que n\u00e3o poder\u00edamos garantir era que as outras crian\u00e7as gostassem de voc\u00ea. Que a aceitassem, que se tornassem suas amigas, que ficassem ao seu lado.<\/p>\n<p>E isso me deixava preocupado com voc\u00ea. Eu chorei intensamente dentro de mim naquela noite em que, aos 12 anos, voc\u00ea desceu e me disse: \u201cN\u00e3o tenho amigos\u201d.<\/p>\n<p>Todos desejamos as mesmas coisas para os nossos filhos. Sa\u00fade, felicidade e capacidade de participar e desfrutar do mundo n\u00e3o s\u00e3o privil\u00e9gios s\u00f3 das crian\u00e7as \u201cnormais\u201d. Persegui-los \u00e9 direito natural de toda crian\u00e7a. Eu me preocupava desejando que voc\u00ea os perseguisse, Jillian.<\/p>\n<p>Mas eu n\u00e3o precisava. Voc\u00ea \u00e9 soci\u00e1vel por natureza. No prim\u00e1rio, chamavam voc\u00ea de \u201cprefeita\u201d, pela sua capacidade de envolver todo mundo. Voc\u00ea dan\u00e7ava na equipe j\u00fanior da escola. Voc\u00ea fez o ensino m\u00e9dio e marcou muit\u00edssimo a vida de todo mundo que a conheceu.<\/p>\n<p>Voc\u00ea se lembra de todas aquelas coisas que diziam que voc\u00ea nunca iria fazer, Jills? Que voc\u00ea n\u00e3o ia poder andar de bicicleta, nem praticar esportes\u2026 Que voc\u00ea n\u00e3o iria para a faculdade\u2026 Que, com certeza, voc\u00ea nunca se casaria\u2026 E agora\u2026 Olhe s\u00f3!<\/p>\n<p>Voc\u00ea \u00e9 a pessoa mais linda que eu conhe\u00e7o. Voc\u00ea \u00e9 capaz de viver uma vida de empatia e simpatia, e, sem precisar de ast\u00facias, \u00e9 uma pessoa que todos querem conhecer.<\/p>\n<p>Eu diria para voc\u00ea entregar ao seu namorado, o Ryan, todo o seu cora\u00e7\u00e3o, mas isto seria uma coisa \u00f3bvia. Eu diria para voc\u00ea ser gentil com ele, mas voc\u00ea j\u00e1 \u00e9, com ele e com todas as pessoas que voc\u00ea conhece. Eu desejaria para voc\u00eas uma vida de amizade e de respeito m\u00fatuo, mas voc\u00eas j\u00e1 est\u00e3o juntos h\u00e1 uma d\u00e9cada e o seu respeito e amizade s\u00e3o evidentes.<\/p>\n<p>Dez anos atr\u00e1s, quando aquele jovem entrou na nossa casa vestido com eleg\u00e2ncia, trazendo um buqu\u00ea de orqu\u00eddeas e dizendo: \u201cEu vim levar a sua filha para a festa, senhor\u201d, todos os medos que eu tinha por voc\u00ea desapareceram completamente.<\/p>\n<p>Agora, voc\u00ea e o Ryan est\u00e3o come\u00e7ando juntos um caminho diferente. \u00c9 um novo desafio, que n\u00e3o \u00e9 mais dif\u00edcil para voc\u00ea do que para qualquer outra pessoa. Considerando quem voc\u00ea \u00e9, eu acho que pode at\u00e9 ser mais f\u00e1cil\u2026 A felicidade parece f\u00e1cil para voc\u00ea, assim como a capacidade de tornar os outros felizes.<\/p>\n<p>Voc\u00ea terminou de se preparar, Jills, e a porta est\u00e1 aberta. Minha filhinha, toda vestida de branco, atravessando o limiar de mais um sonho alcan\u00e7ado! Estou aqui, sem f\u00f4lego e fascinado, totalmente tomado por este momento. \u201cVoc\u00ea est\u00e1 linda!\u201d \u2013 \u00e9 o m\u00e1ximo que consigo dizer. Voc\u00ea me agradece. \u201cEu vou ser para sempre a sua menina\u201d, voc\u00ea diz.<\/p>\n<p><img decoding=\"async\" src=\"http:\/\/catolicanet.com.br\/images\/stories\/j-wedding.jpg\" border=\"0\" align=\"right\" \/>\u201cSim\u201d, balbucio. E \u00e9 hora de ir, acrescento. Temos um longo caminho a percorrer.<\/p>\n<p>_______________________<\/p>\n<p>Paul Daugherty \u00e9 o autor de \u201cAn Uncomplicated Life\u201d, um livro de mem\u00f3rias sobre o crescimento de Jillian. O livro, em ingl\u00eas, est\u00e1 dispon\u00edvel na Amazon.com e no site de Paul, uncomplicated.life.<\/p>\n<p>Fonte: Aleteia<\/p>\n","protected":false},"excerpt":{"rendered":"<p>Eu chorei intensamente dentro de mim naquela noite em que, aos 12 anos, voc\u00ea desceu e me disse: &#8220;N\u00e3o tenho amigos&#8221; Querida Jillian, Esta \u00e9 a tarde do seu casamento. 27 de junho de 2015. Daqui a duas horas, voc\u00ea come\u00e7a a estrada de uma vida toda, um percurso ainda mais memor\u00e1vel do que aquele [&hellip;]<\/p>\n","protected":false},"author":1,"featured_media":0,"comment_status":"open","ping_status":"open","sticky":false,"template":"","format":"standard","meta":{"footnotes":""},"categories":[4],"tags":[],"class_list":["post-11557","post","type-post","status-publish","format-standard","hentry","category-cotidiano"],"_links":{"self":[{"href":"https:\/\/catolicanet.net\/wp-cnet\/wp-json\/wp\/v2\/posts\/11557","targetHints":{"allow":["GET"]}}],"collection":[{"href":"https:\/\/catolicanet.net\/wp-cnet\/wp-json\/wp\/v2\/posts"}],"about":[{"href":"https:\/\/catolicanet.net\/wp-cnet\/wp-json\/wp\/v2\/types\/post"}],"author":[{"embeddable":true,"href":"https:\/\/catolicanet.net\/wp-cnet\/wp-json\/wp\/v2\/users\/1"}],"replies":[{"embeddable":true,"href":"https:\/\/catolicanet.net\/wp-cnet\/wp-json\/wp\/v2\/comments?post=11557"}],"version-history":[{"count":1,"href":"https:\/\/catolicanet.net\/wp-cnet\/wp-json\/wp\/v2\/posts\/11557\/revisions"}],"predecessor-version":[{"id":26650,"href":"https:\/\/catolicanet.net\/wp-cnet\/wp-json\/wp\/v2\/posts\/11557\/revisions\/26650"}],"wp:attachment":[{"href":"https:\/\/catolicanet.net\/wp-cnet\/wp-json\/wp\/v2\/media?parent=11557"}],"wp:term":[{"taxonomy":"category","embeddable":true,"href":"https:\/\/catolicanet.net\/wp-cnet\/wp-json\/wp\/v2\/categories?post=11557"},{"taxonomy":"post_tag","embeddable":true,"href":"https:\/\/catolicanet.net\/wp-cnet\/wp-json\/wp\/v2\/tags?post=11557"}],"curies":[{"name":"wp","href":"https:\/\/api.w.org\/{rel}","templated":true}]}}