{"id":11555,"date":"2015-09-09T18:40:15","date_gmt":"2015-09-09T21:40:15","guid":{"rendered":"http:\/\/catolicanet.net\/wp-cnet\/2015\/09\/09\/vaticano-acolhera-duas-familias-desembarcadas-em-lampedusa\/"},"modified":"2017-05-30T16:05:59","modified_gmt":"2017-05-30T19:05:59","slug":"vaticano-acolhera-duas-familias-desembarcadas-em-lampedusa","status":"publish","type":"post","link":"https:\/\/catolicanet.net\/wp-cnet\/vaticano-acolhera-duas-familias-desembarcadas-em-lampedusa\/","title":{"rendered":"Vaticano acolher\u00e1 duas fam\u00edlias desembarcadas em Lampedusa"},"content":{"rendered":"<p style=\"text-align: justify;\"><img decoding=\"async\" src=\"http:\/\/catolicanet.com.br\/images\/stories\/geral\/ansa525825_articolo.jpg\" border=\"0\" align=\"left\" \/>Um dia ap\u00f3s o apelo do Papa, o Arcipreste da Bas\u00edlica de S\u00e3o Pedro, Cardeal Angelo Comastri, anunciou segunda-feira (07\/09) que sua par\u00f3quia acolher\u00e1 uma fam\u00edlia de cerca de 5 pessoas. O n\u00facleo ser\u00e1 alojado em um apartamento nas proximidades do Vaticano e ter\u00e1 assist\u00eancia m\u00e9dica e sanit\u00e1ria gratuita, a mesma oferecida aos funcion\u00e1rios do Vaticano.<\/p>\n<p>\u201cO esmoleiro pontif\u00edcio, Dom Konrad Krajewski, entrar\u00e1 em contato com o Cardeal Francesco Montenegro, de Agrigento, (Sicilia, ndr) e com a Caritas de Lampedusa, para identificar as fam\u00edlias mais carentes dentre as que desembarcaram ultimamente. Elas ser\u00e3o acolhidas de bra\u00e7os abertos no Vaticano\u201d. <\/p>\n<p>Em entrevista \u00e0 TV Sat2000, dos bispos italianos, o Cardeal disse que \u201co apelo do Papa nos emocionou e envolveu imediatamente. Ele sofre intimamente ao ver estas pessoas desenraizadas de seus pa\u00edses, origens e afetos; sente necessidade de fazer alguma coisa e n\u00f3s queremos responder. Francisco quis que duas fam\u00edlias fossem alojadas em apartamentos bem perto do Vaticano, como se estivessem sob a sua \u2018paternidade\u2019; que recebessem tamb\u00e9m assist\u00eancia m\u00e9dica, para n\u00e3o \u2018pesarem\u2019 no Estado italiano. E este tamb\u00e9m \u00e9 um gesto belo e delicado da parte do Papa\u201d. <\/p>\n<p>A inten\u00e7\u00e3o \u00e9 oferecer \u00e0s duas fam\u00edlias aquilo de que necessitam inicialmente e em seguida, dar-lhes a possibilidade de se integrar no tecido social italiano e terem um futuro em Roma. As duas par\u00f3quias, S\u00e3o Pedro e Sant\u2019Ana, assumir\u00e3o a emerg\u00eancia. J\u00e1 h\u00e1 ofertas de trabalho para as fam\u00edlias. O cora\u00e7\u00e3o do povo \u00e9 grande. Diante de dramas como este, a generosidade \u00e9 infinita\u201d, concluiu o cardeal italiano.<\/p>\n<p style=\"text-align: justify;\">Fonte: R\u00e1dio Vaticano<\/p>\n","protected":false},"excerpt":{"rendered":"<p>Um dia ap\u00f3s o apelo do Papa, o Arcipreste da Bas\u00edlica de S\u00e3o Pedro, Cardeal Angelo Comastri, anunciou segunda-feira (07\/09) que sua par\u00f3quia acolher\u00e1 uma fam\u00edlia de cerca de 5 pessoas. O n\u00facleo ser\u00e1 alojado em um apartamento nas proximidades do Vaticano e ter\u00e1 assist\u00eancia m\u00e9dica e sanit\u00e1ria gratuita, a mesma oferecida aos funcion\u00e1rios do [&hellip;]<\/p>\n","protected":false},"author":1,"featured_media":0,"comment_status":"open","ping_status":"open","sticky":false,"template":"","format":"standard","meta":{"footnotes":""},"categories":[3],"tags":[],"class_list":["post-11555","post","type-post","status-publish","format-standard","hentry","category-vaticano"],"_links":{"self":[{"href":"https:\/\/catolicanet.net\/wp-cnet\/wp-json\/wp\/v2\/posts\/11555","targetHints":{"allow":["GET"]}}],"collection":[{"href":"https:\/\/catolicanet.net\/wp-cnet\/wp-json\/wp\/v2\/posts"}],"about":[{"href":"https:\/\/catolicanet.net\/wp-cnet\/wp-json\/wp\/v2\/types\/post"}],"author":[{"embeddable":true,"href":"https:\/\/catolicanet.net\/wp-cnet\/wp-json\/wp\/v2\/users\/1"}],"replies":[{"embeddable":true,"href":"https:\/\/catolicanet.net\/wp-cnet\/wp-json\/wp\/v2\/comments?post=11555"}],"version-history":[{"count":1,"href":"https:\/\/catolicanet.net\/wp-cnet\/wp-json\/wp\/v2\/posts\/11555\/revisions"}],"predecessor-version":[{"id":24676,"href":"https:\/\/catolicanet.net\/wp-cnet\/wp-json\/wp\/v2\/posts\/11555\/revisions\/24676"}],"wp:attachment":[{"href":"https:\/\/catolicanet.net\/wp-cnet\/wp-json\/wp\/v2\/media?parent=11555"}],"wp:term":[{"taxonomy":"category","embeddable":true,"href":"https:\/\/catolicanet.net\/wp-cnet\/wp-json\/wp\/v2\/categories?post=11555"},{"taxonomy":"post_tag","embeddable":true,"href":"https:\/\/catolicanet.net\/wp-cnet\/wp-json\/wp\/v2\/tags?post=11555"}],"curies":[{"name":"wp","href":"https:\/\/api.w.org\/{rel}","templated":true}]}}