{"id":11532,"date":"2015-09-04T13:21:29","date_gmt":"2015-09-04T16:21:29","guid":{"rendered":"http:\/\/catolicanet.net\/wp-cnet\/2015\/09\/04\/qo-teologo-e-do-povoq-afirma-francisco\/"},"modified":"2017-05-30T16:08:12","modified_gmt":"2017-05-30T19:08:12","slug":"qo-teologo-e-do-povoq-afirma-francisco","status":"publish","type":"post","link":"https:\/\/catolicanet.net\/wp-cnet\/qo-teologo-e-do-povoq-afirma-francisco\/","title":{"rendered":"&#8220;O te\u00f3logo \u00e9 do povo&#8221;, afirma Francisco"},"content":{"rendered":"<p style=\"text-align: justify;\"><img decoding=\"async\" src=\"http:\/\/catolicanet.com.br\/images\/stories\/geral\/o teologo.jpg\" border=\"0\" align=\"left\" \/> O Papa Francisco gravou uma mensagem em v\u00eddeo aos participantes do Congresso Internacional de Teologia em Buenos Aires, que se encerrou na quinta-feira (03\/09), no centen\u00e1rio da Faculdade de Teologia da Universidade Cat\u00f3lica Argentina e nos 50 anos do Conc\u00edlio Vaticano II.<\/p>\n<p>O te\u00f3logo \u00e9 do povo<\/p>\n<p>Na grava\u00e7\u00e3o, o Pont\u00edfice recorda que o te\u00f3logo \u00e9 principalmente filho do seu povo, que \u201cencontra as pessoas, as hist\u00f3rias\u201d, conhece \u201ca tradi\u00e7\u00e3o\u201d. O te\u00f3logo \u00e9 tamb\u00e9m \u201cum fiel\u201d, que \u201ctem experi\u00eancia de Jesus Cristo, e descobriu que sem Ele n\u00e3o pode viver\u201d. \u00c9 ainda um profeta porque, refletindo \u201ca tradi\u00e7\u00e3o que recebeu da Igreja\u201d, \u201cmant\u00e9m viva a consci\u00eancia do passado\u201d, criando o convite ao futuro, em que Jesus derrota a autorreferencialidade e a falta de esperan\u00e7a.<\/p>\n<p>Neste contexto, \u00e9 fundamental a tradi\u00e7\u00e3o da Igreja, definida como \u201crio vivo\u201d que remonta \u00e0s origens e se projeta em dire\u00e7\u00e3o ao futuro, que \u201cirriga\u201d terras diferentes, e \u201calimenta\u201d v\u00e1rias \u00e1reas geogr\u00e1ficas do mundo.<\/p>\n<p>Relativismo e dignidade da pessoa <\/p>\n<p>A tarefa do te\u00f3logo \u2013 acrescentou o Papa \u2013 \u00e9 \u201cdiscernir\u201d, \u201crefletir\u201d sobre o que significa ser um crist\u00e3o de hoje. Porque o crist\u00e3o de hoje na Argentina n\u00e3o \u00e9 o mesmo de 100 anos atr\u00e1s, e n\u00e3o o \u00e9 do mesmo modo \u201cna \u00cdndia, no Canad\u00e1, em Roma\u201d. Falando dos desafios que seu pa\u00eds enfrenta, Francisco identificou o multiculturalismo, o relativismo e a globaliza\u00e7\u00e3o que, \u00e0s vezes, \u201cminimizam\u201d a dignidade da pessoa, \u201ctornando-a uma mercadoria de troca\u201d.<\/p>\n<p>Doutrina e pastoral<\/p>\n<p>Portanto, prosseguiu o Pont\u00edfice, o estudo da Teologia adquire um valor de prim\u00e1ria import\u00e2ncia\u201d, ressaltando que n\u00e3o pode existir o conceito de mera doutrina \u201cseparada da pastoral\u201d e citando os padres da Igreja, como \u201cIrineu, Agostinho, Bas\u00edlio, Ambr\u00f3sio\u201d, que foram grandes te\u00f3logos porque eram grandes pastores.<\/p>\n<p>O Papa ent\u00e3o voltou a reiterar a necessidade do encontro, com as fam\u00edlias, os pobres, os aflitos, as periferias, vias para uma \u201cmelhor compreens\u00e3o da f\u00e9\u201d. As \u201cperguntas do nosso povo \u2013 concluiu -, sua ang\u00fastia, seus sonhos, suas lutas e suas preocupa\u00e7\u00f5es t\u00eam um valor hermen\u00eautico&#8221;, que n\u00e3o se pode ignorar.<\/p>\n<p style=\"text-align: justify;\">Fonte:<\/p>\n","protected":false},"excerpt":{"rendered":"<p>O Papa Francisco gravou uma mensagem em v\u00eddeo aos participantes do Congresso Internacional de Teologia em Buenos Aires, que se encerrou na quinta-feira (03\/09), no centen\u00e1rio da Faculdade de Teologia da Universidade Cat\u00f3lica Argentina e nos 50 anos do Conc\u00edlio Vaticano II. O te\u00f3logo \u00e9 do povo Na grava\u00e7\u00e3o, o Pont\u00edfice recorda que o te\u00f3logo [&hellip;]<\/p>\n","protected":false},"author":1,"featured_media":0,"comment_status":"open","ping_status":"open","sticky":false,"template":"","format":"standard","meta":{"footnotes":""},"categories":[3],"tags":[],"class_list":["post-11532","post","type-post","status-publish","format-standard","hentry","category-vaticano"],"_links":{"self":[{"href":"https:\/\/catolicanet.net\/wp-cnet\/wp-json\/wp\/v2\/posts\/11532","targetHints":{"allow":["GET"]}}],"collection":[{"href":"https:\/\/catolicanet.net\/wp-cnet\/wp-json\/wp\/v2\/posts"}],"about":[{"href":"https:\/\/catolicanet.net\/wp-cnet\/wp-json\/wp\/v2\/types\/post"}],"author":[{"embeddable":true,"href":"https:\/\/catolicanet.net\/wp-cnet\/wp-json\/wp\/v2\/users\/1"}],"replies":[{"embeddable":true,"href":"https:\/\/catolicanet.net\/wp-cnet\/wp-json\/wp\/v2\/comments?post=11532"}],"version-history":[{"count":1,"href":"https:\/\/catolicanet.net\/wp-cnet\/wp-json\/wp\/v2\/posts\/11532\/revisions"}],"predecessor-version":[{"id":24680,"href":"https:\/\/catolicanet.net\/wp-cnet\/wp-json\/wp\/v2\/posts\/11532\/revisions\/24680"}],"wp:attachment":[{"href":"https:\/\/catolicanet.net\/wp-cnet\/wp-json\/wp\/v2\/media?parent=11532"}],"wp:term":[{"taxonomy":"category","embeddable":true,"href":"https:\/\/catolicanet.net\/wp-cnet\/wp-json\/wp\/v2\/categories?post=11532"},{"taxonomy":"post_tag","embeddable":true,"href":"https:\/\/catolicanet.net\/wp-cnet\/wp-json\/wp\/v2\/tags?post=11532"}],"curies":[{"name":"wp","href":"https:\/\/api.w.org\/{rel}","templated":true}]}}