{"id":11523,"date":"2015-09-03T11:56:16","date_gmt":"2015-09-03T14:56:16","guid":{"rendered":"http:\/\/catolicanet.net\/wp-cnet\/2015\/09\/03\/palavra-que-ilumina\/"},"modified":"2017-05-09T16:32:39","modified_gmt":"2017-05-09T19:32:39","slug":"palavra-que-ilumina","status":"publish","type":"post","link":"https:\/\/catolicanet.net\/wp-cnet\/palavra-que-ilumina\/","title":{"rendered":"Palavra que ilumina"},"content":{"rendered":"<p style=\"text-align: justify;\">O m\u00eas de setembro \u00e9 um dos meses tem\u00e1ticos no Brasil; \u00e9 conhecido pelos crist\u00e3os, principalmente por n\u00f3s cat\u00f3licos, como o M\u00eas da B\u00edblia, sendo comemorado no \u00faltimo domingo do m\u00eas o Dia Nacional da B\u00edblia. Isso tudo por que celebramos no dia 30 de setembro a festa de S\u00e3o Jer\u00f4nimo, grande tradutor e comentarista da B\u00edblia Sagrada que, preocupado com sua divulga\u00e7\u00e3o e acessibilidade ao povo mais simples, traduziu a Palavra de Deus do hebraico e grego para o latim, o que muito facilitou a Igreja na propaga\u00e7\u00e3o da Palavra Divina, uma vez que o latim, era, naquela \u00e9poca, conhecido pela maioria da popula\u00e7\u00e3o de ent\u00e3o. \u00c9 a preocupa\u00e7\u00e3o da Igreja, de tornar acess\u00edveis os textos b\u00edblicos aos crist\u00e3os, isso tanto ontem, como tamb\u00e9m atualmente. Hoje, gra\u00e7as a Deus, encontramos a B\u00edblia traduzida em todos os idiomas, acess\u00edvel a todas as pessoas. <br \/>Cada ano o m\u00eas da B\u00edblia tem um tema. J\u00e1 h\u00e1 tr\u00eas anos que temos trabalhado sobre a locu\u00e7\u00e3o disc\u00edpulo mission\u00e1rio. Neste \u00faltimo ano, depois de enfocarmos os evangelhos sin\u00f3ticos nos anteriores, voltamos nosso olhar e reflex\u00e3o para o Evangelho de Jo\u00e3o. Nesse sentido, ao nos convidar para reler neste m\u00eas esse Evangelho, a Igreja no Brasil, que quer \u201cformar Disc\u00edpulos Mission\u00e1rios a partir do Evangelho de Jo\u00e3o\u201d (tema), coloca como lema: &#8220;Permanecei no meu amor para produzir muitos frutos&#8221; (cf. Jo 15,8-9). Os encontros propostos para n\u00f3s neste m\u00eas seguem o caminho da \u201clectio divina\u201d ou leitura orante da B\u00edblia, que dever\u00e1 ser o m\u00e9todo de nossos encontros nos c\u00edrculos b\u00edblicos, grupos de reflex\u00e3o, grupos de estudos, pequenas comunidades. A leitura, medita\u00e7\u00e3o, ora\u00e7\u00e3o e contempla\u00e7\u00e3o\/a\u00e7\u00e3o ilumina nossas vidas e nossas hist\u00f3rias. Deixemo-nos guiar pelo Esp\u00edrito Santo para podermos cada vez mais amar a Palavra de Deus (cf. Verbum Domini, 5).<br \/> A B\u00edblia \u00e9 carta de amor de Deus Pai endere\u00e7ada a todo humanidade, principalmente aos batizados, a cada um de n\u00f3s, seus filhos adotivos. Por isso, se quisermos conhecer o Projeto de Deus e o que o mesmo tem a nos comunicar, aprendamos a meditar a Palavra Divina diariamente, e, com certeza, encontraremos for\u00e7as para conformar nossa vida \u00e0 vontade de Deus Criador e Salvador, e assim abra\u00e7aremos a vida eterna. A B\u00edblia \u00e9, tamb\u00e9m, alimento para o crist\u00e3o, pois como nos ensina Jesus Cristo: &#8220;N\u00e3o s\u00f3 de p\u00e3o vive o homem, mas de toda a Palavra de Deus&#8221; (Lc 4,4). Al\u00e9m da abund\u00e2ncia da proclama\u00e7\u00e3o da Palavra na liturgia, nas celebra\u00e7\u00f5es, nos encontros, nas reuni\u00f5es somos convidados a debru\u00e7ar sobre ela pessoalmente, a cada instante. A tradi\u00e7\u00e3o mon\u00e1stica reserva grande parte da madrugada para a \u201clectio divina\u201d. O Papa Francisco tem distribu\u00eddo na Pra\u00e7a de S\u00e3o Pedro muitos exemplares dos evangelhos para que o povo traga em seu bolso e leia sempre que for poss\u00edvel. Hoje tamb\u00e9m com os aplicativos dos telefones celulares torna ainda mais f\u00e1cil levar a Sagrada Escritura para ser nosso alimento a cada instante de nossa vida.<br \/> A Palavra de Deus \u00e9, ainda, luz para a vida, como nos ensina o salmista: &#8220;A tua Palavra, Senhor, \u00e9 luz para o meu caminhar&#8221; (Sl 118,105). Todo aquele que a acolhe no seu cora\u00e7\u00e3o, tem sua vida iluminada, tem uma vida transfigurada, torna-se luz para o irm\u00e3o. <br \/> Como crist\u00e3os, precisamos meditar, acolher, vivenciar a Palavra Divina. Precisamos deixar que a mesma ilumine nossa vida, ilumine nosso cora\u00e7\u00e3o. Com certeza, se assim fizermos, \u00e9 sinal de que o Esp\u00edrito Santo est\u00e1 nos conduzindo; \u00e9 sinal de que somos verdadeiros disc\u00edpulos mission\u00e1rios de Cristo Jesus, e, a exemplo da Virgem Maria, M\u00e3e de Cristo e M\u00e3e da Igreja, teremos tamb\u00e9m frutos benditos para oferecer aos irm\u00e3os, e assim glorificaremos tamb\u00e9m a Deus. <br \/> A B\u00edblia \u00e9 o livro da humanidade! Ora, um livro t\u00e3o procurado e lido por tanta gente deve possuir um segredo muito importante. A B\u00edblia cont\u00e9m a Palavra de Deus revelada \u00e0 humanidade. A f\u00e9 que mora em n\u00f3s, nos diz que a B\u00edblia \u00e9 a palavra de Deus para n\u00f3s, \u201cN\u00e3o s\u00f3 de p\u00e3o vive o homem, mas de toda a palavra que sai da boca de Deus\u201d (Mt 4,4). Uma palavra tem a for\u00e7a e o valor daquele ou daquela que a pronuncia. A palavra humana pode ser errada, mas a palavra de Deus n\u00e3o erra nem engana. Nela nos sentimos seguros e confiantes para continuar a caminhar e construir nossa vida, nossa voca\u00e7\u00e3o, nosso trabalho. E assim nos tornamos romeiros que caminham e saciam a sede na \u00e1gua viva que encontram na B\u00edblia.<br \/> Jesus \u00e9 o verdadeiro exegeta que interpreta a vontade do Pai. &#8220;Quem tem ouvidos para ouvir, ou\u00e7a&#8221;, diz Jesus (Lucas 8,). Devemos pedir, com o salmista no Salmo 118,18: &#8220;Tira-me os v\u00e9us dos olhos e contemplarei as maravilhas de tua Lei&#8221;.\u00a0 &#8220;Alimentar-se da Palavra para sermos &#8220;servos da Palavra&#8221; no trabalho da evangeliza\u00e7\u00e3o: que \u00e9, sem d\u00favida, uma prioridade da Igreja ao in\u00edcio do novo mil\u00eanio. Deixou de existir, mesmo nos pa\u00edses de antiga evangeliza\u00e7\u00e3o, a situa\u00e7\u00e3o de &#8220;sociedade crist\u00e3&#8221; que, n\u00e3o obstante as muitas fraquezas que sempre caracterizaram tudo o que \u00e9 humano, tinha explicitamente como ponto de refer\u00eancia os valores evang\u00e9licos&#8221;. (S\u00e3o Jo\u00e3o Paulo II, In\u00edcio do Novo Mil\u00eanio).<br \/> A Palavra de Deus revelada \u00e9 o tesouro do cora\u00e7\u00e3o de Deus, que \u00e9 todo Amor, para se comunicar aos seres humanos e com eles formar um pacto de amor. \u201cDeus revela ao homem o pr\u00f3prio homem, a sua dignidade, a sua destina\u00e7\u00e3o\u201d. O tesouro do nosso cora\u00e7\u00e3o, que h\u00e1 de preencher todos os nossos anseios, somente Deus pode realiz\u00e1-lo. \u201cO nosso cora\u00e7\u00e3o permanece inquieto at\u00e9 que repouse em Deus\u201d. <br \/> Que este M\u00eas da B\u00edblia nos ajude a tomar consci\u00eancia da riqueza e necessidade de aprofundar nosso contato e viv\u00eancia da Palavra de Deus. Assim, poderemos dar raz\u00e3o da nossa f\u00e9 e esperan\u00e7a em Cristo Jesus. <\/p>\n","protected":false},"excerpt":{"rendered":"<p>O m\u00eas de setembro \u00e9 um dos meses tem\u00e1ticos no Brasil; \u00e9 conhecido pelos crist\u00e3os, principalmente por n\u00f3s cat\u00f3licos, como o M\u00eas da B\u00edblia, sendo comemorado no \u00faltimo domingo do m\u00eas o Dia Nacional da B\u00edblia. Isso tudo por que celebramos no dia 30 de setembro a festa de S\u00e3o Jer\u00f4nimo, grande tradutor e comentarista [&hellip;]<\/p>\n","protected":false},"author":5,"featured_media":0,"comment_status":"open","ping_status":"open","sticky":false,"template":"","format":"standard","meta":{"footnotes":""},"categories":[9],"tags":[],"class_list":["post-11523","post","type-post","status-publish","format-standard","hentry","category-artigos"],"_links":{"self":[{"href":"https:\/\/catolicanet.net\/wp-cnet\/wp-json\/wp\/v2\/posts\/11523","targetHints":{"allow":["GET"]}}],"collection":[{"href":"https:\/\/catolicanet.net\/wp-cnet\/wp-json\/wp\/v2\/posts"}],"about":[{"href":"https:\/\/catolicanet.net\/wp-cnet\/wp-json\/wp\/v2\/types\/post"}],"author":[{"embeddable":true,"href":"https:\/\/catolicanet.net\/wp-cnet\/wp-json\/wp\/v2\/users\/5"}],"replies":[{"embeddable":true,"href":"https:\/\/catolicanet.net\/wp-cnet\/wp-json\/wp\/v2\/comments?post=11523"}],"version-history":[{"count":1,"href":"https:\/\/catolicanet.net\/wp-cnet\/wp-json\/wp\/v2\/posts\/11523\/revisions"}],"predecessor-version":[{"id":21983,"href":"https:\/\/catolicanet.net\/wp-cnet\/wp-json\/wp\/v2\/posts\/11523\/revisions\/21983"}],"wp:attachment":[{"href":"https:\/\/catolicanet.net\/wp-cnet\/wp-json\/wp\/v2\/media?parent=11523"}],"wp:term":[{"taxonomy":"category","embeddable":true,"href":"https:\/\/catolicanet.net\/wp-cnet\/wp-json\/wp\/v2\/categories?post=11523"},{"taxonomy":"post_tag","embeddable":true,"href":"https:\/\/catolicanet.net\/wp-cnet\/wp-json\/wp\/v2\/tags?post=11523"}],"curies":[{"name":"wp","href":"https:\/\/api.w.org\/{rel}","templated":true}]}}